{"id":985,"date":"2023-09-25T22:50:03","date_gmt":"2023-09-25T20:50:03","guid":{"rendered":"http:\/\/philtyprod.com\/testUP\/?p=985"},"modified":"2023-10-16T23:24:39","modified_gmt":"2023-10-16T21:24:39","slug":"la-veille-delodie-juin-2023","status":"publish","type":"post","link":"http:\/\/philtyprod.com\/testUP\/la-veille-delodie-juin-2023\/","title":{"rendered":"La veille d&rsquo;Elodie &#8211; juin 2023"},"content":{"rendered":"\n<h1 class=\"wp-block-heading\"><strong>Actualit\u00e9 des outils de recherche et autres<\/strong><\/h1>\n\n\n\n<h2 class=\"wp-block-heading\">Video Highlight : un outil pour r\u00e9sumer les vid\u00e9os YouTube<\/h2>\n\n\n\n<h4 class=\"wp-block-heading\"><a rel=\"noreferrer noopener\" href=\"https:\/\/videohighlight.com\/\" target=\"_blank\">Video Highlight<\/a>&nbsp;permet de r\u00e9sumer le contenu d&rsquo;une vid\u00e9o gr\u00e2ce \u00e0 l&rsquo;intelligence artificielle, gratuitement et sans inscription, mais uniquement pour les vid\u00e9os YouTube. La cr\u00e9ation d&rsquo;un compte permet en outre d&rsquo;obtenir une transcription de la vid\u00e9o, de rechercher du contenu dans la vid\u00e9o, de prendre des notes et de les exporter. (Fidel Navamuel, outilstice.com)&nbsp;<a rel=\"noreferrer noopener\" href=\"https:\/\/outilstice.com\/2023\/05\/video-highlight-resumer-une-video-et-transcrire-le-contenu\/\" target=\"_blank\">En savoir plus&#8230;<\/a><\/h4>\n\n\n\n<p><\/p>\n\n\n\n<h1 class=\"wp-block-heading\"><strong>P\u00e9dagogie<\/strong><\/h1>\n\n\n\n<h2 class=\"wp-block-heading\">M\u00e9moire, attention : est-il plus difficile de lire sur \u00e9cran ?<\/h2>\n\n\n\n<h4 class=\"wp-block-heading\">\u00ab Des smartphones aux tablettes ou aux liseuses, l\u2019\u00e9crit est au c\u0153ur de nos activit\u00e9s quotidiennes et nos habitudes de lecture \u00e9voluent. Les \u00e9volutions rapides de ces outils num\u00e9riques invitent \u00e0 s\u2019interroger sur la mani\u00e8re dont on apprend \u00e0 lire aujourd\u2019hui et \u00e0 se demander si l\u2019utilisation de nouveaux supports modifie notre capacit\u00e9 de compr\u00e9hension, qui peut se d\u00e9finir comme l\u2019activit\u00e9 par laquelle les individus vont acqu\u00e9rir et utiliser des connaissances. (\u2026) \u00bb (Source : Xavier Aparicio et Ugo Ballenghein,&nbsp;<em>The Conversation<\/em>)&nbsp;<a rel=\"noreferrer noopener\" href=\"https:\/\/theconversation.com\/memoire-attention-est-il-plus-difficile-de-lire-sur-ecran-203481\" target=\"_blank\">Lire la suite&#8230;<\/a><\/h4>\n\n\n\n<p><\/p>\n\n\n\n<h2 class=\"wp-block-heading\">Une formation Pr\u00e9-stanciel, s\u2019il vous pla\u00eet !<\/h2>\n\n\n\n<h4 class=\"wp-block-heading\">\u00ab \u201cS\u2019il vous pla\u00eet ! Je vais vous commander une mission d\u2019ing\u00e9nierie de formation pour une journ\u00e9e de formation pr\u00e9sentielle. Attention, elle doit aussi marcher en distanciel ! Et puis vous me mettrez un caf\u00e9 avec \u00e7a, pour moi et tous les apprenants, en pr\u00e9sentiel et \u00e0 distance. Merciiiiiiii.\u201d \u00bb (Source : Am\u00e9lie Wallut, sydologie.com)&nbsp;<a rel=\"noreferrer noopener\" href=\"https:\/\/sydologie.com\/2023\/04\/une-formation-pre-stanciel-sil-vous-plait\/\" target=\"_blank\">Lire la suite&#8230;<\/a><\/h4>\n\n\n\n<p><\/p>\n\n\n\n<h2 class=\"wp-block-heading\">ChatGPT et l&rsquo;enseignement sup\u00e9rieur, un rapport de l&rsquo;UNESCO<\/h2>\n\n\n\n<h4 class=\"wp-block-heading\">L\u2019UNESCO a publi\u00e9 un&nbsp;<a rel=\"noreferrer noopener\" href=\"https:\/\/www.iesalc.unesco.org\/wp-content\/uploads\/2023\/04\/ChatGPT-and-Artificial-Intelligence-in-higher-education-Quick-Start-guide_EN_FINAL.pdf\" target=\"_blank\">document<\/a>&nbsp;int\u00e9ressant sur ChatGPT et les IA g\u00e9n\u00e9ratives et leur impact sur l\u2019enseignement sup\u00e9rieur.<br>Cet article de Jacques Dubois, ing\u00e9nieur de formation, en reprend les principaux points.&nbsp;<a rel=\"noreferrer noopener\" href=\"https:\/\/prodageo.wordpress.com\/2023\/05\/23\/chatgpt-et-lenseignement-superieur-un-rapport-de-lunesco\/\" target=\"_blank\">Lire l&rsquo;article.<\/a><\/h4>\n\n\n\n<p><\/p>\n\n\n\n<h1 class=\"wp-block-heading\"><strong>\u00c9ducation aux m\u00e9dias et \u00e0 l&rsquo;information<\/strong><\/h1>\n\n\n\n<h2 class=\"wp-block-heading\">\u00ab \u00c9duquer \u00e0 l\u2019esprit critique \u00bb<\/h2>\n\n\n\n<h4 class=\"wp-block-heading\">Un chapitre r\u00e9dig\u00e9 par Elena Pasquinelli et G\u00e9rald Bronner, dans L&rsquo;\u00e9cole \u00e9clair\u00e9e par la science, sous la direction de Stanislas Dehaene, et disponible sur la plateforme cairn.info.&nbsp;<a rel=\"noreferrer noopener\" href=\"https:\/\/www.cairn-sciences.info\/ecole-eclairee-par-la-science--9782738154897-page-91.htm\" target=\"_blank\">Lire<\/a><\/h4>\n\n\n\n<p>Elodie Willemin<\/p>\n\n\n\n<p>[article initialement publi\u00e9 sur le forum FormaBib, le 5 juin 2023]<\/p>\n","protected":false},"excerpt":{"rendered":"<p>La veille professionnelle du mois, par Elodie Willemin<\/p>\n","protected":false},"author":3,"featured_media":986,"comment_status":"open","ping_status":"open","sticky":false,"template":"","format":"standard","meta":{"colormag_page_layout":"default_layout","_price":"","_stock":"","_tribe_ticket_header":"","_tribe_default_ticket_provider":"","_tribe_ticket_capacity":"0","_ticket_start_date":"","_ticket_end_date":"","_tribe_ticket_show_description":"","_tribe_ticket_show_not_going":false,"_tribe_ticket_use_global_stock":"","_tribe_ticket_global_stock_level":"","_global_stock_mode":"","_global_stock_cap":"","_tribe_rsvp_for_event":"","_tribe_ticket_going_count":"","_tribe_ticket_not_going_count":"","_tribe_tickets_list":"[]","_tribe_ticket_has_attendee_info_fields":false,"footnotes":""},"categories":[18],"tags":[81,57,132,86,133,131,80,130],"class_list":["post-985","post","type-post","status-publish","format-standard","has-post-thumbnail","hentry","category-veille-professionnelle","tag-chat-gpt","tag-distanciel","tag-ecrans","tag-emi","tag-ia","tag-memoire","tag-veille","tag-youtube"],"magazineBlocksPostFeaturedMedia":{"thumbnail":"http:\/\/philtyprod.com\/testUP\/wp-content\/uploads\/2023\/09\/berthe-morisot.-jeune-fille-lisant-la-lecture-1888--150x150.jpg","medium":"http:\/\/philtyprod.com\/testUP\/wp-content\/uploads\/2023\/09\/berthe-morisot.-jeune-fille-lisant-la-lecture-1888--300x243.jpg","medium_large":"http:\/\/philtyprod.com\/testUP\/wp-content\/uploads\/2023\/09\/berthe-morisot.-jeune-fille-lisant-la-lecture-1888--768x623.jpg","large":"http:\/\/philtyprod.com\/testUP\/wp-content\/uploads\/2023\/09\/berthe-morisot.-jeune-fille-lisant-la-lecture-1888-.jpg","1536x1536":"http:\/\/philtyprod.com\/testUP\/wp-content\/uploads\/2023\/09\/berthe-morisot.-jeune-fille-lisant-la-lecture-1888-.jpg","2048x2048":"http:\/\/philtyprod.com\/testUP\/wp-content\/uploads\/2023\/09\/berthe-morisot.-jeune-fille-lisant-la-lecture-1888-.jpg","colormag-highlighted-post":"http:\/\/philtyprod.com\/testUP\/wp-content\/uploads\/2023\/09\/berthe-morisot.-jeune-fille-lisant-la-lecture-1888--392x272.jpg","colormag-featured-post-medium":"http:\/\/philtyprod.com\/testUP\/wp-content\/uploads\/2023\/09\/berthe-morisot.-jeune-fille-lisant-la-lecture-1888--390x205.jpg","colormag-featured-post-small":"http:\/\/philtyprod.com\/testUP\/wp-content\/uploads\/2023\/09\/berthe-morisot.-jeune-fille-lisant-la-lecture-1888--130x90.jpg","colormag-featured-image":"http:\/\/philtyprod.com\/testUP\/wp-content\/uploads\/2023\/09\/berthe-morisot.-jeune-fille-lisant-la-lecture-1888--800x445.jpg","colormag-default-news":"http:\/\/philtyprod.com\/testUP\/wp-content\/uploads\/2023\/09\/berthe-morisot.-jeune-fille-lisant-la-lecture-1888--150x150.jpg","colormag-featured-image-large":"http:\/\/philtyprod.com\/testUP\/wp-content\/uploads\/2023\/09\/berthe-morisot.-jeune-fille-lisant-la-lecture-1888--947x600.jpg","colormag-elementor-block-extra-large-thumbnail":"http:\/\/philtyprod.com\/testUP\/wp-content\/uploads\/2023\/09\/berthe-morisot.-jeune-fille-lisant-la-lecture-1888--947x480.jpg","colormag-elementor-grid-large-thumbnail":"http:\/\/philtyprod.com\/testUP\/wp-content\/uploads\/2023\/09\/berthe-morisot.-jeune-fille-lisant-la-lecture-1888--600x417.jpg","colormag-elementor-grid-small-thumbnail":"http:\/\/philtyprod.com\/testUP\/wp-content\/uploads\/2023\/09\/berthe-morisot.-jeune-fille-lisant-la-lecture-1888--285x450.jpg","colormag-elementor-grid-medium-large-thumbnail":"http:\/\/philtyprod.com\/testUP\/wp-content\/uploads\/2023\/09\/berthe-morisot.-jeune-fille-lisant-la-lecture-1888--575x198.jpg"},"magazineBlocksPostAuthor":{"name":"Elodie Willemin","avatar":"https:\/\/secure.gravatar.com\/avatar\/904d04c5bc3f44e6a1ebbf76d9d9ec40f3d7ef0e6cfef961fbafd66615f0a57b?s=96&d=robohash&r=g"},"magazineBlocksPostCommentsNumber":"0","magazineBlocksPostExcerpt":"La veille professionnelle du mois, par Elodie Willemin","magazineBlocksPostCategories":["Veille professionnelle"],"magazineBlocksPostViewCount":264,"magazineBlocksPostReadTime":2,"magazine_blocks_featured_image_url":{"full":["http:\/\/philtyprod.com\/testUP\/wp-content\/uploads\/2023\/09\/berthe-morisot.-jeune-fille-lisant-la-lecture-1888-.jpg",947,768,false],"medium":["http:\/\/philtyprod.com\/testUP\/wp-content\/uploads\/2023\/09\/berthe-morisot.-jeune-fille-lisant-la-lecture-1888--300x243.jpg",300,243,true],"thumbnail":["http:\/\/philtyprod.com\/testUP\/wp-content\/uploads\/2023\/09\/berthe-morisot.-jeune-fille-lisant-la-lecture-1888--150x150.jpg",150,150,true]},"magazine_blocks_author":{"display_name":"Elodie Willemin","author_link":"http:\/\/philtyprod.com\/testUP\/author\/elodie-willemin\/"},"magazine_blocks_comment":0,"magazine_blocks_author_image":"https:\/\/secure.gravatar.com\/avatar\/904d04c5bc3f44e6a1ebbf76d9d9ec40f3d7ef0e6cfef961fbafd66615f0a57b?s=96&d=robohash&r=g","magazine_blocks_category":"<a href=\"http:\/\/philtyprod.com\/testUP\/category\/veille-professionnelle\/\" rel=\"category tag\">Veille professionnelle<\/a>","_links":{"self":[{"href":"http:\/\/philtyprod.com\/testUP\/wp-json\/wp\/v2\/posts\/985","targetHints":{"allow":["GET"]}}],"collection":[{"href":"http:\/\/philtyprod.com\/testUP\/wp-json\/wp\/v2\/posts"}],"about":[{"href":"http:\/\/philtyprod.com\/testUP\/wp-json\/wp\/v2\/types\/post"}],"author":[{"embeddable":true,"href":"http:\/\/philtyprod.com\/testUP\/wp-json\/wp\/v2\/users\/3"}],"replies":[{"embeddable":true,"href":"http:\/\/philtyprod.com\/testUP\/wp-json\/wp\/v2\/comments?post=985"}],"version-history":[{"count":2,"href":"http:\/\/philtyprod.com\/testUP\/wp-json\/wp\/v2\/posts\/985\/revisions"}],"predecessor-version":[{"id":1119,"href":"http:\/\/philtyprod.com\/testUP\/wp-json\/wp\/v2\/posts\/985\/revisions\/1119"}],"wp:featuredmedia":[{"embeddable":true,"href":"http:\/\/philtyprod.com\/testUP\/wp-json\/wp\/v2\/media\/986"}],"wp:attachment":[{"href":"http:\/\/philtyprod.com\/testUP\/wp-json\/wp\/v2\/media?parent=985"}],"wp:term":[{"taxonomy":"category","embeddable":true,"href":"http:\/\/philtyprod.com\/testUP\/wp-json\/wp\/v2\/categories?post=985"},{"taxonomy":"post_tag","embeddable":true,"href":"http:\/\/philtyprod.com\/testUP\/wp-json\/wp\/v2\/tags?post=985"}],"curies":[{"name":"wp","href":"https:\/\/api.w.org\/{rel}","templated":true}]}}