{"id":956,"date":"2023-09-06T23:42:30","date_gmt":"2023-09-06T21:42:30","guid":{"rendered":"http:\/\/philtyprod.com\/testUP\/?p=956"},"modified":"2023-10-16T23:25:42","modified_gmt":"2023-10-16T21:25:42","slug":"la-veille-delodie-avril-2023","status":"publish","type":"post","link":"http:\/\/philtyprod.com\/testUP\/la-veille-delodie-avril-2023\/","title":{"rendered":"La veille d&rsquo;Elodie &#8211; avril 2023"},"content":{"rendered":"\n<h2 class=\"wp-block-heading\">L&rsquo;ignorance<\/h2>\n\n\n\n<p>La BU Paris Nanterre consacre sa&nbsp;<a href=\"https:\/\/bu.parisnanterre.fr\/saisons-thematiques\/saison-culturelle-bu-fev-mars-2023-lignorance\" target=\"_blank\" rel=\"noreferrer noopener\">saison culturelle de f\u00e9vrier-mars<\/a>&nbsp;\u00e0 l&rsquo;ignorance. Les d\u00e9bats et rencontres sont rediffus\u00e9s sur sa&nbsp;<a href=\"https:\/\/www.youtube.com\/@bibliothequeuniversitairep365\/about\" target=\"_blank\" rel=\"noreferrer noopener\">cha\u00eene YouTube<\/a>&nbsp;:<\/p>\n\n\n\n<ul class=\"wp-block-list\">\n<li>Rencontre \u00ab Vices et vertus de l&rsquo;ignorance \u00bb &#8211;&nbsp;<a href=\"https:\/\/bu.parisnanterre.fr\/saisons-thematiques\/rencontre-vices-et-vertus-de-lignorance\" target=\"_blank\" rel=\"noreferrer noopener\">[Description et liste des intervenant\u00b7e\u00b7s]<\/a><br><a href=\"https:\/\/www.youtube.com\/watch?v=fnB0445apU0&amp;list=PL_hR6rQHMSevSxrb8BB8iGN73uXw9jJ_k\" target=\"_blank\" rel=\"noreferrer noopener\">https:\/\/www.youtube.com\/embed\/fnB0445apU0<br><\/a><\/li>\n<\/ul>\n\n\n\n<ul class=\"wp-block-list\">\n<li>\u00c0 venir : D\u00e9bat \u00ab L&rsquo;\u00e9cole combat-elle l&rsquo;ignorance ? \u00bb &#8211;&nbsp;<a href=\"https:\/\/bu.parisnanterre.fr\/saisons-thematiques\/debat-lecole-combat-elle-lignorance-2\" target=\"_blank\" rel=\"noreferrer noopener\">Description et liste des intervenant\u00b7e\u00b7s<\/a><\/li>\n<\/ul>\n\n\n\n<h2 class=\"wp-block-heading\">\u00ab Peut-on se pr\u00e9munir contre nos biais cognitifs ? \u00bb<\/h2>\n\n\n\n<p>Cairn.info propose une s\u00e9lection d&rsquo;articles sur le th\u00e8me des biais cognitifs.&nbsp;<a href=\"https:\/\/www.cairn.info\/dossiers-2023-8-page-1.htm\" target=\"_blank\" rel=\"noreferrer noopener\">Lire<\/a><\/p>\n\n\n\n<h2 class=\"wp-block-heading\">\u00ab Contra Chrome \u00bb, une BD qui expose la v\u00e9ritable nature de Google Chrome<\/h2>\n\n\n\n<p>En septembre 2022, l&rsquo;autrice de bande dessin\u00e9e Leah Elliott a r\u00e9alis\u00e9 un remix de la&nbsp;<a href=\"https:\/\/www.google.com\/googlebooks\/chrome\/med_00.html\" target=\"_blank\" rel=\"noreferrer noopener\">bande dessin\u00e9e Chrome<\/a>&nbsp;de Scott McCloud sortie en 2008 pour d\u00e9montrer la toxicit\u00e9 de Google Chrome.<br><a href=\"https:\/\/framablog.org\/wp-content\/uploads\/2022\/09\/ContraChrome_fr.pdf\" target=\"_blank\" rel=\"noreferrer noopener\">Acc\u00e9der \u00e0 la version fran\u00e7aise de Contra Chrome<\/a><br><a href=\"https:\/\/framablog.org\/2022\/09\/08\/contra-chrome-une-bd-decapante-maintenant-en-version-francaise\/\" target=\"_blank\" rel=\"noreferrer noopener\">Lire l&rsquo;interview de Leah Elliott sur Framablog<\/a><\/p>\n\n\n\n<h2 class=\"wp-block-heading\">Z\u00e9t\u00e9tique et autod\u00e9fense intellectuelle<\/h2>\n\n\n\n<p>Tous les cours \u00ab Z\u00e9t\u00e9tique et autod\u00e9fense intellectuelle \u00bb de Richard Monvoisin (ing\u00e9nieur de recherche enseignant \u00e0 l&rsquo;universit\u00e9 Grenoble-Alpes et figure du mouvement sceptique francophone) sont disponibles en vid\u00e9o et en podcast.&nbsp;<br>Acc\u00e9der au cours en&nbsp;<a href=\"https:\/\/skeptikon.fr\/c\/5f74ed4b-cc3c-4b33-a33d-06f49282ada5\/videos?s=1\" target=\"_blank\" rel=\"noreferrer noopener\">vid\u00e9o<\/a><br>Acc\u00e9der aux cours en&nbsp;<a href=\"https:\/\/www.monvoisin.xyz\/podcast-des-cours-zetetique-autodefense-intellectuelle\/\" target=\"_blank\" rel=\"noreferrer noopener\">podcast<\/a><\/p>\n\n\n\n<h2 class=\"wp-block-heading\">\u00ab Reconna\u00eetre des images g\u00e9n\u00e9r\u00e9es par IA : quelques indices, beaucoup de bon sens \u00bb<\/h2>\n\n\n\n<p>Des sp\u00e9cialistes de l&rsquo;AFP expliquent comment d\u00e9celer des images cr\u00e9\u00e9es par des IA exemples \u00e0 l&rsquo;appui.&nbsp;<a rel=\"noreferrer noopener\" href=\"https:\/\/factuel.afp.com\/doc.afp.com.33BR6P7\" target=\"_blank\">Lire l&rsquo;article<\/a><\/p>\n\n\n\n<p>Elodie Willemin<\/p>\n","protected":false},"excerpt":{"rendered":"<p>Ce mois-ci, veille th\u00e9matique sur l&rsquo;\u00e9ducation aux m\u00e9dias et \u00e0 l&rsquo;information.  <\/p>\n","protected":false},"author":3,"featured_media":958,"comment_status":"open","ping_status":"open","sticky":false,"template":"","format":"standard","meta":{"colormag_page_layout":"default_layout","_price":"","_stock":"","_tribe_ticket_header":"","_tribe_default_ticket_provider":"","_tribe_ticket_capacity":"0","_ticket_start_date":"","_ticket_end_date":"","_tribe_ticket_show_description":"","_tribe_ticket_show_not_going":false,"_tribe_ticket_use_global_stock":"","_tribe_ticket_global_stock_level":"","_global_stock_mode":"","_global_stock_cap":"","_tribe_rsvp_for_event":"","_tribe_ticket_going_count":"","_tribe_ticket_not_going_count":"","_tribe_tickets_list":"[]","_tribe_ticket_has_attendee_info_fields":false,"footnotes":""},"categories":[18],"tags":[],"class_list":["post-956","post","type-post","status-publish","format-standard","has-post-thumbnail","hentry","category-veille-professionnelle"],"magazineBlocksPostFeaturedMedia":{"thumbnail":"http:\/\/philtyprod.com\/testUP\/wp-content\/uploads\/2023\/09\/d6816d0d706f492ca9f41e20f53452c3-150x150.jpg","medium":"http:\/\/philtyprod.com\/testUP\/wp-content\/uploads\/2023\/09\/d6816d0d706f492ca9f41e20f53452c3-231x300.jpg","medium_large":"http:\/\/philtyprod.com\/testUP\/wp-content\/uploads\/2023\/09\/d6816d0d706f492ca9f41e20f53452c3.jpg","large":"http:\/\/philtyprod.com\/testUP\/wp-content\/uploads\/2023\/09\/d6816d0d706f492ca9f41e20f53452c3.jpg","1536x1536":"http:\/\/philtyprod.com\/testUP\/wp-content\/uploads\/2023\/09\/d6816d0d706f492ca9f41e20f53452c3.jpg","2048x2048":"http:\/\/philtyprod.com\/testUP\/wp-content\/uploads\/2023\/09\/d6816d0d706f492ca9f41e20f53452c3.jpg","colormag-highlighted-post":"http:\/\/philtyprod.com\/testUP\/wp-content\/uploads\/2023\/09\/d6816d0d706f492ca9f41e20f53452c3-392x272.jpg","colormag-featured-post-medium":"http:\/\/philtyprod.com\/testUP\/wp-content\/uploads\/2023\/09\/d6816d0d706f492ca9f41e20f53452c3-390x205.jpg","colormag-featured-post-small":"http:\/\/philtyprod.com\/testUP\/wp-content\/uploads\/2023\/09\/d6816d0d706f492ca9f41e20f53452c3-130x90.jpg","colormag-featured-image":"http:\/\/philtyprod.com\/testUP\/wp-content\/uploads\/2023\/09\/d6816d0d706f492ca9f41e20f53452c3-564x445.jpg","colormag-default-news":"http:\/\/philtyprod.com\/testUP\/wp-content\/uploads\/2023\/09\/d6816d0d706f492ca9f41e20f53452c3-150x150.jpg","colormag-featured-image-large":"http:\/\/philtyprod.com\/testUP\/wp-content\/uploads\/2023\/09\/d6816d0d706f492ca9f41e20f53452c3-564x600.jpg","colormag-elementor-block-extra-large-thumbnail":"http:\/\/philtyprod.com\/testUP\/wp-content\/uploads\/2023\/09\/d6816d0d706f492ca9f41e20f53452c3-564x480.jpg","colormag-elementor-grid-large-thumbnail":"http:\/\/philtyprod.com\/testUP\/wp-content\/uploads\/2023\/09\/d6816d0d706f492ca9f41e20f53452c3-564x417.jpg","colormag-elementor-grid-small-thumbnail":"http:\/\/philtyprod.com\/testUP\/wp-content\/uploads\/2023\/09\/d6816d0d706f492ca9f41e20f53452c3-285x450.jpg","colormag-elementor-grid-medium-large-thumbnail":"http:\/\/philtyprod.com\/testUP\/wp-content\/uploads\/2023\/09\/d6816d0d706f492ca9f41e20f53452c3-564x198.jpg"},"magazineBlocksPostAuthor":{"name":"Elodie Willemin","avatar":"https:\/\/secure.gravatar.com\/avatar\/904d04c5bc3f44e6a1ebbf76d9d9ec40f3d7ef0e6cfef961fbafd66615f0a57b?s=96&d=robohash&r=g"},"magazineBlocksPostCommentsNumber":"0","magazineBlocksPostExcerpt":"Ce mois-ci, veille th\u00e9matique sur l'\u00e9ducation aux m\u00e9dias et \u00e0 l'information.  ","magazineBlocksPostCategories":["Veille professionnelle"],"magazineBlocksPostViewCount":289,"magazineBlocksPostReadTime":2,"magazine_blocks_featured_image_url":{"full":["http:\/\/philtyprod.com\/testUP\/wp-content\/uploads\/2023\/09\/d6816d0d706f492ca9f41e20f53452c3.jpg",564,731,false],"medium":["http:\/\/philtyprod.com\/testUP\/wp-content\/uploads\/2023\/09\/d6816d0d706f492ca9f41e20f53452c3-231x300.jpg",231,300,true],"thumbnail":["http:\/\/philtyprod.com\/testUP\/wp-content\/uploads\/2023\/09\/d6816d0d706f492ca9f41e20f53452c3-150x150.jpg",150,150,true]},"magazine_blocks_author":{"display_name":"Elodie Willemin","author_link":"http:\/\/philtyprod.com\/testUP\/author\/elodie-willemin\/"},"magazine_blocks_comment":2,"magazine_blocks_author_image":"https:\/\/secure.gravatar.com\/avatar\/904d04c5bc3f44e6a1ebbf76d9d9ec40f3d7ef0e6cfef961fbafd66615f0a57b?s=96&d=robohash&r=g","magazine_blocks_category":"<a href=\"http:\/\/philtyprod.com\/testUP\/category\/veille-professionnelle\/\" rel=\"category tag\">Veille professionnelle<\/a>","_links":{"self":[{"href":"http:\/\/philtyprod.com\/testUP\/wp-json\/wp\/v2\/posts\/956","targetHints":{"allow":["GET"]}}],"collection":[{"href":"http:\/\/philtyprod.com\/testUP\/wp-json\/wp\/v2\/posts"}],"about":[{"href":"http:\/\/philtyprod.com\/testUP\/wp-json\/wp\/v2\/types\/post"}],"author":[{"embeddable":true,"href":"http:\/\/philtyprod.com\/testUP\/wp-json\/wp\/v2\/users\/3"}],"replies":[{"embeddable":true,"href":"http:\/\/philtyprod.com\/testUP\/wp-json\/wp\/v2\/comments?post=956"}],"version-history":[{"count":2,"href":"http:\/\/philtyprod.com\/testUP\/wp-json\/wp\/v2\/posts\/956\/revisions"}],"predecessor-version":[{"id":1120,"href":"http:\/\/philtyprod.com\/testUP\/wp-json\/wp\/v2\/posts\/956\/revisions\/1120"}],"wp:featuredmedia":[{"embeddable":true,"href":"http:\/\/philtyprod.com\/testUP\/wp-json\/wp\/v2\/media\/958"}],"wp:attachment":[{"href":"http:\/\/philtyprod.com\/testUP\/wp-json\/wp\/v2\/media?parent=956"}],"wp:term":[{"taxonomy":"category","embeddable":true,"href":"http:\/\/philtyprod.com\/testUP\/wp-json\/wp\/v2\/categories?post=956"},{"taxonomy":"post_tag","embeddable":true,"href":"http:\/\/philtyprod.com\/testUP\/wp-json\/wp\/v2\/tags?post=956"}],"curies":[{"name":"wp","href":"https:\/\/api.w.org\/{rel}","templated":true}]}}