{"id":944,"date":"2023-09-04T22:57:37","date_gmt":"2023-09-04T20:57:37","guid":{"rendered":"http:\/\/philtyprod.com\/testUP\/?p=944"},"modified":"2025-03-23T12:10:14","modified_gmt":"2025-03-23T11:10:14","slug":"approche-programme-et-approche-par-competences-dans-les-retour-dexperience-dune-formation-a-linstitut-francais-de-leducation-notifications","status":"publish","type":"post","link":"http:\/\/philtyprod.com\/testUP\/approche-programme-et-approche-par-competences-dans-les-retour-dexperience-dune-formation-a-linstitut-francais-de-leducation-notifications\/","title":{"rendered":"Approche-programme et approche par comp\u00e9tences dans l&rsquo;ES. Retour d&rsquo;exp\u00e9rience d&rsquo;une formation \u00e0 l&rsquo;Institut fran\u00e7ais de l&rsquo;\u00e9ducation.\u00a0"},"content":{"rendered":"\n<p><em>Attention, ce qui suit est le retour d&rsquo;une formation qui s&rsquo;est d\u00e9roul\u00e9e il y a quelques mois. On m&rsquo;excusera, je l&rsquo;esp\u00e8re, les \u00e9ventuelles impr\u00e9cisions, erreurs, h\u00e9sitations, et autres libert\u00e9s qui se sont gliss\u00e9es dans ce texte bien malgr\u00e9 moi.<\/em><\/p>\n\n\n\n<p>Le 28 et 29 mars 2022, j&rsquo;ai eu la chance de pouvoir participer \u00e0 une formation \u00e0 ce qu&rsquo;on appelle l&rsquo;approche programme (AP) et l&rsquo;approche par comp\u00e9tences (APC) dans l&rsquo;enseignement sup\u00e9rieur (ES). Initialement destin\u00e9e aux ing\u00e9nieurs p\u00e9dagogiques de profession, je vous livre ici mes impressions de biblioth\u00e9caire-formateur et non de sp\u00e9cialiste.<\/p>\n\n\n\n<h4 class=\"wp-block-heading\">Qui suis-je ?<\/h4>\n\n\n\n<p>Je m&rsquo;appelle Samuel Jamet, je suis biblioth\u00e9caire depuis 2018. J&rsquo;ai int\u00e9gr\u00e9, \u00e0 la sortie de l&rsquo;Enssib, ce qu&rsquo;on appelait alors l&rsquo;Universit\u00e9 Paris-Sud (XI), aujourd&rsquo;hui Universit\u00e9 Paris-Saclay. J&rsquo;ai \u00e9t\u00e9 affect\u00e9 \u00e0 un poste de responsable de d\u00e9partement des publics \u00e0 la biblioth\u00e8que universitaire Kremlin-Bic\u00eatre (sant\u00e9). J&rsquo;ai rapidement pris go\u00fbt \u00e0 la formation, et j&rsquo;ai tent\u00e9 de d\u00e9velopper mon service avec un maximum de r\u00e9flexivit\u00e9 : la position du formateur, les probl\u00e9matiques de la transmission et de l&rsquo;accompagnement doivent faire l&rsquo;objet, \u00e0 mon sens, d&rsquo;une perp\u00e9tuelle remise en cause des m\u00e9thodes et des croyances personnelles et collectives. Je vous laisse lire la conclusion de ce texte qui prend certainement la forme d&rsquo;un long questionnement (galvanisant pour moi, et peut-\u00eatre ennuyeux voire paralysant pour les autres, vous me direz).<br>Tout cela pour vous faire comprendre que lorsqu&rsquo;on m&rsquo;a propos\u00e9 en mars 2022 de participer \u00e0 la formation&nbsp;<em>AP et APC dans l&rsquo;ES<\/em>&nbsp;\u00e0 l&rsquo;Institut fran\u00e7ais de l&rsquo;\u00e9ducation (If\u00e9), j&rsquo;ai tout de suite accept\u00e9 pour le potentiel d\u00e9stabilisant qu&rsquo;une telle formation pourrait avoir sur mes m\u00e9thodes.<\/p>\n\n\n\n<h4 class=\"wp-block-heading\">Qu&rsquo;est-ce que l&rsquo;If\u00e9 ?<\/h4>\n\n\n\n<p>L&rsquo;If\u00e9 se situe \u00e0 Lyon sur le tr\u00e8s agr\u00e9able campus de l&rsquo;ENS Lyon.<\/p>\n\n\n\n<figure class=\"wp-block-image aligncenter size-full\"><img fetchpriority=\"high\" decoding=\"async\" width=\"859\" height=\"687\" src=\"http:\/\/philtyprod.com\/testUP\/wp-content\/uploads\/2023\/09\/drawin10.jpg\" alt=\"\" class=\"wp-image-945\" srcset=\"http:\/\/philtyprod.com\/testUP\/wp-content\/uploads\/2023\/09\/drawin10.jpg 859w, http:\/\/philtyprod.com\/testUP\/wp-content\/uploads\/2023\/09\/drawin10-300x240.jpg 300w, http:\/\/philtyprod.com\/testUP\/wp-content\/uploads\/2023\/09\/drawin10-768x614.jpg 768w\" sizes=\"(max-width: 859px) 100vw, 859px\" \/><\/figure>\n\n\n\n<p>Centre de recherche et un centre de formation pour les enseignant.e.s, les ing\u00e9nieur.e.s p\u00e9dagogiques, les chercheur.se.s en science de l&rsquo;\u00e9ducation, l&rsquo;If\u00e9 existe sous sa forme actuelle depuis 2010, mais son histoire est bien plus ancienne. Je me permets de passer sur ces d\u00e9tails de vous renvoyer sur&nbsp;<a href=\"http:\/\/ife.ens-lyon.fr\/ife\" target=\"_blank\" rel=\"noreferrer noopener\">le site de l&rsquo;institut<\/a>, ainsi que sur&nbsp;<a href=\"https:\/\/fr.wikipedia.org\/wiki\/Institut_fran%C3%A7ais_de_l%27%C3%A9ducation\" target=\"_blank\" rel=\"noreferrer noopener\">sa page Wikip\u00e9dia<\/a>&nbsp;si vous souhaitez en apprendre plus.<\/p>\n\n\n\n<h4 class=\"wp-block-heading\">Qu&rsquo;est-ce qu&rsquo;un biblioth\u00e9caire vient faire \u00e0 l&rsquo;If\u00e9 ?<\/h4>\n\n\n\n<p>Tout d&rsquo;abord, permettez-moi de pr\u00e9ciser un peu : c&rsquo;est toute une d\u00e9l\u00e9gation de Paris-Saclay qui s&rsquo;est rendue \u00e0 Lyon en cette fin de mois de mars. J&rsquo;accompagnais donc Claire Lebreton, conservatrice, directrice adjointe de la DBIST (UVSQ) ainsi que Fran\u00e7oise Berthoud qui \u00e9tait \u00e0 l&rsquo;\u00e9poque charg\u00e9e des formations transverses \u00ab\u00a0Carri\u00e8re de docteur\u00a0\u00bb \u00e0 la Maison du Doctorat de Paris-Saclay.<br>Fran\u00e7oise avait \u00e9t\u00e9 charg\u00e9e par sa direction de conduire un GT charg\u00e9 lui-m\u00eame de passer \u00e0 l&rsquo;approche par comp\u00e9tences les formations et autres activit\u00e9s doctorales. Il s&rsquo;agissait avant tout de raccorder les ponts entre les exigences minist\u00e9rielles et les actions de formations proprement dites.<br>Pour faciliter, en quelque sorte, le travail, Fran\u00e7oise et Claire se sont concentr\u00e9es sur les biblioth\u00e8ques qui proposaient (et proposent toujours) un tr\u00e8s large catalogue de formations (de la recherche documentaire \u00e0 la gestion des donn\u00e9es de la recherche en passant par l&rsquo;Open Access et le processus de d\u00e9p\u00f4t de la th\u00e8se de doctorat), pas toujours tr\u00e8s bien harmonis\u00e9es (doublons de formations, surinvestissement de certains \u00e9tablissements par rapport \u00e0 d&rsquo;autres, m\u00e9connaissance de&nbsp;<a href=\"https:\/\/www.bibliotheques.universite-paris-saclay.fr\/venir-la-bibliotheque\/vos-bibliotheques-et-sa-carte-interactive\" target=\"_blank\" rel=\"noreferrer noopener\">l&rsquo;environnement global de Paris-Saclay<\/a>, etc.).<br>De mon c\u00f4t\u00e9, eh bien je dois dire que j&rsquo;ai pris connaissance de tout cela quelques jours avant le d\u00e9but de la formation, j&rsquo;ai donc un peu paniqu\u00e9 quand j&rsquo;ai compris que c&rsquo;\u00e9tait quand m\u00eame \u00ab\u00a0serious bizness\u00a0\u00bb : on attendait de nous des propositions pour mettre de l&rsquo;ordre dans un catalogue d&rsquo;environ 140 formations, d\u00e9livr\u00e9es par six \u00e9tablissements, selon des exigences r\u00e9glementaires. Voil\u00e0 le tableau.<\/p>\n\n\n\n<h4 class=\"wp-block-heading\">Objectifs et modalit\u00e9s de la formation (me voil\u00e0 rassur\u00e9)<\/h4>\n\n\n\n<p>Pas d&rsquo;inqui\u00e9tude, c&rsquo;est justement \u00e0 ce genre de gros probl\u00e8mes que devait r\u00e9pondre la formation AP et APC.<\/p>\n\n\n\n<ul class=\"wp-block-list\">\n<li>Tout d&rsquo;abord, l&rsquo;objectif premier de la formation :&nbsp;<em>formaliser les grandes lignes d\u2019un projet de formation ancr\u00e9 dans les apports de la recherche sur l\u2019APC et l\u2019AP et identifier les leviers pour mettre en \u0153uvre ces approches dans nos contextes<\/em>. Notre probl\u00e9matique \u00e9tait partag\u00e9e par \u00e0 peu pr\u00e8s tous les participants \u00e0 cette formation, \u00e0 diff\u00e9rentes \u00e9chelles bien s\u00fbr.<\/li>\n\n\n\n<li>Deuxi\u00e8me objectif :&nbsp;<em>saisir les enjeux des transformations actuelles de l\u2019ES<\/em>.<\/li>\n\n\n\n<li>Troisi\u00e8me objectif :&nbsp;<em>outiller le regard r\u00e9flexif sur nos pratiques<\/em>. J&rsquo;\u00e9tais venu pour \u00e7a.<\/li>\n\n\n\n<li>Quatri\u00e8me objectif :&nbsp;<em>cr\u00e9er une communaut\u00e9 de pratiques (et de praticien.ne.s) autour de ces questions<\/em>.<\/li>\n<\/ul>\n\n\n\n<p>La formation s&rsquo;est tenue sur deux jours pendant lesquels nous avons altern\u00e9 entre apports th\u00e9oriques et mise en pratique, avec deux points d&rsquo;orgue : un premier \u00e0 mi-parcours avec une pr\u00e9sentation de 3 minutes de l&rsquo;\u00e9tat des r\u00e9flexions, un second \u00e0 la fin de la formation avec, l\u00e0 encore, la pr\u00e9sentation en 3 minutes de la mise en \u0153uvre de notre projet.<br>Nous avions \u00e0 notre disposition quatre intervenant.e.s :<\/p>\n\n\n\n<ul class=\"wp-block-list\">\n<li><strong>Catherine Loisy<\/strong>&nbsp;: enseignante-chercheuse \u00e9m\u00e9rite en psychologie des sciences de l\u2019\u00e9ducation \u00e0 l\u2019UBO<\/li>\n\n\n\n<li><strong>Christelle Lison<\/strong>&nbsp;: Professeure titulaire \u00e0 l\u2019Universit\u00e9 de Sherbrooke (P\u00e9dagogie de l\u2019ES, innovations p\u00e9dagogiques et curriculaires, encadrement des cycles sup\u00e9rieurs)<\/li>\n\n\n\n<li><strong>Anna Clavel<\/strong>&nbsp;: Charg\u00e9e d\u2019\u00e9tude \u00e0 l\u2019If\u00e9<\/li>\n\n\n\n<li><strong>Pierre Benech<\/strong>&nbsp;: Ing\u00e9nieur p\u00e9dagogique \u00e0 l\u2019If\u00e9<\/li>\n<\/ul>\n\n\n\n<h4 class=\"wp-block-heading\">Parenth\u00e8se impressionniste sur le d\u00e9roul\u00e9 de la formation<\/h4>\n\n\n\n<p>Nous \u00e9tions une vingtaine de participants, toutes et tous venus en groupe avec lettre de cadrage de l&rsquo;\u00e9tablissement d&rsquo;appartenance.<\/p>\n\n\n\n<figure class=\"wp-block-image aligncenter size-full\"><img decoding=\"async\" width=\"1019\" height=\"620\" src=\"http:\/\/philtyprod.com\/testUP\/wp-content\/uploads\/2023\/09\/drawin10.png\" alt=\"\" class=\"wp-image-946\" srcset=\"http:\/\/philtyprod.com\/testUP\/wp-content\/uploads\/2023\/09\/drawin10.png 1019w, http:\/\/philtyprod.com\/testUP\/wp-content\/uploads\/2023\/09\/drawin10-300x183.png 300w, http:\/\/philtyprod.com\/testUP\/wp-content\/uploads\/2023\/09\/drawin10-768x467.png 768w\" sizes=\"(max-width: 1019px) 100vw, 1019px\" \/><\/figure>\n\n\n\n<p>Comme le montre le plan de salle, nous \u00e9tions entour\u00e9s d&rsquo;ing\u00e9nieurs p\u00e9dagogiques, bien plus outill\u00e9s et exp\u00e9riment\u00e9s que Claire et moi, les seuls biblioth\u00e9caires. Il faut bien l&rsquo;admettre : Claire et moi \u00e9tions relativement perdus au d\u00e9but de la formation et il nous a fallu fournir un effort suppl\u00e9mentaire pour ne pas compl\u00e8tement l\u00e2cher prise. Les sessions d&rsquo;apports th\u00e9oriques et les mises en pratiques se succ\u00e9dant \u00e0 fort r\u00e9gime (imaginez des allers-retours incessants entre \u00ab\u00a0<strong>La th\u00e9orie<\/strong>\u00a0\u00bb et \u00ab\u00a0<strong>Notre zone<\/strong>\u00a0\u00bb sur le plan), le rythme a \u00e9t\u00e9 difficile \u00e0 tenir et nous avons termin\u00e9 la premi\u00e8re journ\u00e9e un peu d\u00e9sesp\u00e9r\u00e9s. A cela s&rsquo;est ajout\u00e9 la difficult\u00e9 de cerner les enjeux de la commande de la Maison du Doctorat, ce qui, m\u00eame pour Fran\u00e7oise, experte en sciences de l&rsquo;\u00e9ducation, s&rsquo;est r\u00e9v\u00e9l\u00e9 \u00eatre un casse-t\u00eate. Je passe sur le d\u00e9tail des raisons de ce blocage, ce serait trop long, mais il faut comprendre que l\u2019Universit\u00e9 Paris-Saclay n&rsquo;est pas encore un \u00e9tablissement bien stabilis\u00e9 et qu&rsquo;il n&rsquo;est pas \u00e9vident de se faire une id\u00e9e pr\u00e9cise des acteurs concern\u00e9s, de leur r\u00e9alit\u00e9 sur le terrain, de leurs liens avec les autres acteurs, etc.<br>Nous avons donc r\u00e9fl\u00e9chi \u00ab\u00a0\u00e0 l&rsquo;aveugle\u00a0\u00bb en listant principalement les potentiels blocages \u00e0 la mise en place d&rsquo;un catalogue \u00e0 la fois p\u00e9dagogiquement coh\u00e9rent, r\u00e9glementairement acceptable du point de vue de la commande, tout en tenant compte de la r\u00e9alit\u00e9 particuli\u00e8re de notre environnement \u00e0 plus ou moins long terme.<br>En d\u00e9finitive, je ne peux pas assurer que les apports th\u00e9oriques de la formation ont \u00e9t\u00e9 valoris\u00e9s dans notre feuille de route finale tant nous paraissaient lointaines les probl\u00e9matiques p\u00e9dagogiques. C&rsquo;est, je pense, ce qui ressortira le plus de ce retour : deux mobilisations mentales parall\u00e8les, l&rsquo;une port\u00e9e sur la r\u00e9alit\u00e9 institutionnelle de notre \u00e9tablissement, l&rsquo;autre sur la synth\u00e8se scientifique des probl\u00e9matiques li\u00e9es \u00e0 l&rsquo;apprentissage et \u00e0 la transmission.<br>Nous avons donc pass\u00e9 \u00e9norm\u00e9ment de temps \u00e0 fixer notre support, \u00e0 d\u00e9placer des post-it, \u00e0 nous demander si m\u00eame la premi\u00e8re \u00e9tape de notre feuille de route \u00e9tait d\u00e9passable.<\/p>\n\n\n\n<figure class=\"wp-block-image aligncenter size-full\"><img decoding=\"async\" width=\"769\" height=\"516\" src=\"http:\/\/philtyprod.com\/testUP\/wp-content\/uploads\/2023\/09\/drawin11.png\" alt=\"\" class=\"wp-image-947\" srcset=\"http:\/\/philtyprod.com\/testUP\/wp-content\/uploads\/2023\/09\/drawin11.png 769w, http:\/\/philtyprod.com\/testUP\/wp-content\/uploads\/2023\/09\/drawin11-300x201.png 300w\" sizes=\"(max-width: 769px) 100vw, 769px\" \/><figcaption class=\"wp-element-caption\"><em>La feuille de route est reproduite plus bas<\/em><\/figcaption><\/figure>\n\n\n\n<p>M\u00eame si, je pense, nous avons un peu souffert durant ces deux jours (en tout cas moi oui), le fait d&rsquo;\u00eatre immerg\u00e9 \u00e0 ce point dans cette valse aux obstacles p\u00e9dago-institutionnels, a \u00e9t\u00e9 pour moi un tournant. Au-del\u00e0 de la th\u00e9orie et de nos objectifs, je garde un souvenir particulier de la formation \u00e0 l&rsquo;If\u00e9 et les questions qui en ont \u00e9merg\u00e9 sont rest\u00e9es. C&rsquo;est l\u00e0 un grand succ\u00e8s de cette formation.<\/p>\n\n\n\n<h4 class=\"wp-block-heading\">Parenth\u00e8se pointilliste sur les apports th\u00e9oriques de la formation<\/h4>\n\n\n\n<p>Pointilliste parce que parce que c&rsquo;est ainsi que m&rsquo;appara\u00eet le tableau th\u00e9orique une fois les sessions magistrales mises bout \u00e0 bout. Je ne suis pas devenu sp\u00e9cialiste de l&rsquo;APC (toujours pas), je ne suis pas un d\u00e9fenseur de l&rsquo;APC. Les discussions scientifiques autour de la notion de comp\u00e9tence et de l&rsquo;approche-programme sont tr\u00e8s int\u00e9ressantes, mais ce sont des discussions. Si les pouvoirs publics semblent avoir adopt\u00e9 l&rsquo;APC, reste que scientifiquement, je n&rsquo;ai absolument pas l&rsquo;impression que le concept de&nbsp;<em>comp\u00e9tence<\/em>&nbsp;soit stabilis\u00e9 et, plus important et plus significatif \u00e0 mes yeux (mais \u00e7a se d\u00e9bat), il semble y avoir un foss\u00e9 entre les diff\u00e9rentes constructions conceptuelles qui d\u00e9ploient une notion de&nbsp;<em>comp\u00e9tence<\/em>&nbsp;et les mises en pratique&nbsp;<em>sur le terrain<\/em>.<br>N\u00e9anmoins, on peut voir que dans le monde francophone, deux d\u00e9finitions de la&nbsp;<strong>notion de comp\u00e9tence<\/strong>&nbsp;sont utilis\u00e9es :<\/p>\n\n\n\n<ul class=\"wp-block-list\">\n<li><em>Savoir-agir complexe prenant appui sur la mobilisation et la combinaison efficace d\u2019une vari\u00e9t\u00e9 de ressources internes et externes \u00e0 l\u2019int\u00e9rieur d\u2019une famille de situations.<\/em>&nbsp;(Tardif, 2006)<\/li>\n\n\n\n<li><em>Organisation de l\u2019activit\u00e9 mobilis\u00e9e et r\u00e9gul\u00e9e pour faire face \u00e0 une t\u00e2che donn\u00e9e, dans une situation donn\u00e9e.<\/em>&nbsp;(Coulet, 2011)<\/li>\n<\/ul>\n\n\n\n<p>Ce que ces deux d\u00e9finitions ont en commun, c&rsquo;est de fonder la comp\u00e9tence sur une dimension prax\u00e9ologique, la comp\u00e9tence s&rsquo;incarne dans un sujet agissant dans des situations donn\u00e9es, voire des familles de situations, et donc elle s&rsquo;observe.<br>Un autre point qui ressort de ces d\u00e9finitions, c&rsquo;est la complexit\u00e9 de la comp\u00e9tence (<em>complexe<\/em>,&nbsp;<em>combinaison<\/em>,&nbsp;<em>vari\u00e9t\u00e9<\/em>,&nbsp;<em>famille de situations<\/em>&nbsp;chez Tardif,&nbsp;<em>Organisation<\/em>&nbsp;chez Coulet qui fait preuve, disons, d&rsquo;esprit de synth\u00e8se avec sa d\u00e9finition). La comp\u00e9tence est un compos\u00e9 de ressources internes (des connaissances par exemple) et externes (l&rsquo;outil informatique par exemple) dont les rapports sont r\u00e9gul\u00e9s par des facteurs internes (ce que l&rsquo;on tient pour vrai par exemple) et externes (un feedback par exemple). C&rsquo;est \u00e9videmment, extr\u00eamement simplifi\u00e9 et je n&rsquo;ai pas les ressources (internes) pour d\u00e9tailler les points controvers\u00e9s.<\/p>\n\n\n\n<p>La comp\u00e9tence s&rsquo;int\u00e8gre dans une m\u00e9thode p\u00e9dagogique, l&rsquo;<strong>approche par comp\u00e9tences<\/strong>&nbsp;qui consiste pour le formateur \u00e0 d\u00e9terminer les grandes familles de situations dans lesquelles doivent s&rsquo;incarner les comp\u00e9tences \u00e0 observer, et \u00e0, en quelques sorte, baliser la route de l&rsquo;apprentissage en analysant ce qui nous semble \u00eatre&nbsp;<em>un<\/em>&nbsp;savoir-agir ou&nbsp;<em>une<\/em>&nbsp;organisation en une s\u00e9rie de t\u00e2ches et d&rsquo;activit\u00e9s de plus en plus pr\u00e9cises. Il me semble (je reste extr\u00eamement prudent l\u00e0-dessus) qu&rsquo;un objectif de l&rsquo;approche par comp\u00e9tences est de mettre en lumi\u00e8re autant que faire se peut ce qu&rsquo;il y a de tacite dans ce que nous transmettons et dans ce que les apprenants int\u00e8grent. L&rsquo;approche par comp\u00e9tences est donc une approche particuli\u00e8rement analytique du comportement du sujet, elle estime que la conscientisation et la lucidit\u00e9 des acteurs en situation d&rsquo;acquisition-transmission sont des objectifs d\u00e9sirables. L\u00e0 encore, il s&rsquo;agit d&rsquo;un vrai d\u00e9bat.<\/p>\n\n\n\n<p>L&rsquo;approche par comp\u00e9tences peut s&rsquo;int\u00e9grer dans une m\u00e9thode d&rsquo;organisation, l&rsquo;<strong>approche programme<\/strong>&nbsp;qui invite les concepteurs \u00e0 associer leurs propres comp\u00e9tences diverses dans le cadre d&rsquo;un travail coll\u00e9gial (ce qu&rsquo;on appelle l&rsquo;\u00e9quipe p\u00e9dagogique finalement). On ne travaille plus \u00e0 un cours particulier, mais \u00e0 un&nbsp;<strong>parcours<\/strong>&nbsp;au sein duquel les diff\u00e9rentes apports sont harmonis\u00e9s et pond\u00e9r\u00e9s. Les profs, pour le dire un peu plus cr\u00fbment, ne sont pas propri\u00e9taires de leurs apprentissages, il travaillent avec d&rsquo;autres acteurs qui les influencent. L&rsquo;approche programme, comme l&rsquo;APC, vise l&rsquo;explicitation la plus compl\u00e8te possible par la coll\u00e9gialit\u00e9. Cette explicitation n&rsquo;est pas au b\u00e9n\u00e9fice des seuls concepteurs, elle profite aux apprenants qui doivent conna\u00eetre les objectifs p\u00e9dagogiques (\u00e0 court, moyen et long terme) et les modalit\u00e9s d&rsquo;\u00e9valuation.<\/p>\n\n\n\n<p>J&rsquo;esp\u00e8re que vous comprenez pourquoi je parle de deux mobilisations mentales parall\u00e8les.<\/p>\n\n\n\n<h4 class=\"wp-block-heading\">Bilan-questionnement<\/h4>\n\n\n\n<p>Le bilan sera aussi marqu\u00e9 par le parall\u00e9lisme. Je vous livre ici l&rsquo;\u00e9tat du travail de Claire, Fran\u00e7oise et moi \u00e0 la fin de la formation, et je terminerai sur des questionnements plus personnels.<\/p>\n\n\n\n<p>Nous avons donc pu pr\u00e9senter quelque chose \u00e0 la fin de la formation et \u00e0 la gouvernance.<\/p>\n\n\n\n<figure class=\"wp-block-image aligncenter size-full\"><img loading=\"lazy\" decoding=\"async\" width=\"1023\" height=\"541\" src=\"http:\/\/philtyprod.com\/testUP\/wp-content\/uploads\/2023\/09\/drawin12.jpg\" alt=\"\" class=\"wp-image-948\" srcset=\"http:\/\/philtyprod.com\/testUP\/wp-content\/uploads\/2023\/09\/drawin12.jpg 1023w, http:\/\/philtyprod.com\/testUP\/wp-content\/uploads\/2023\/09\/drawin12-300x159.jpg 300w, http:\/\/philtyprod.com\/testUP\/wp-content\/uploads\/2023\/09\/drawin12-768x406.jpg 768w, http:\/\/philtyprod.com\/testUP\/wp-content\/uploads\/2023\/09\/drawin12-390x205.jpg 390w\" sizes=\"(max-width: 1023px) 100vw, 1023px\" \/><\/figure>\n\n\n\n<p>Ceci est donc un exemple de feuille de route pour la mise en place d&rsquo;un parcours IST \u00e0 destination des doctorants. Les zones plus ou moins rouges sont les points de difficult\u00e9s attendus, et il faut remarquer que nous n&rsquo;avions pas tort. Le travail a commenc\u00e9, pour Claire et moi en (1), au niveau de la traduction des exigences r\u00e9glementaires incarn\u00e9es par le&nbsp;<a rel=\"noreferrer noopener\" href=\"https:\/\/www.francecompetences.fr\/recherche_certificationprofessionnelle\/\" target=\"_blank\">R\u00e9pertoire National des Comp\u00e9tences Professionnelles (RNCP)<\/a>&nbsp;en comp\u00e9tences que nous, acteurs de l&rsquo;IST pouvions comprendre et mobiliser. Nous avons donc utilis\u00e9&nbsp;<a rel=\"noreferrer noopener\" href=\"https:\/\/adbu.fr\/actualites\/decouvrez-recif-le-referentiel-des-competences-informationnelles\" target=\"_blank\">RECIF<\/a>&nbsp;le r\u00e9f\u00e9rentiel des comp\u00e9tences informationnelles de l&rsquo;ADBU. Je ne d\u00e9sesp\u00e8re pas d&rsquo;int\u00e9grer le&nbsp;<a rel=\"noreferrer noopener\" href=\"https:\/\/eduscol.education.fr\/721\/evaluer-et-certifier-les-competences-numeriques\" target=\"_blank\">CRCN<\/a>&nbsp;(Cadre de R\u00e9f\u00e9rence des Comp\u00e9tences Num\u00e9riques), mais je tiens \u00e0 le faire pour une vraie bonne raison (dans le cadre d&rsquo;une diversification de l&rsquo;offre des formations par exemple).<br>Voici aujourd&rsquo;hui comment se structure notre catalogue de formations doctorales :<\/p>\n\n\n\n<figure class=\"wp-block-image aligncenter size-full\"><img loading=\"lazy\" decoding=\"async\" width=\"886\" height=\"626\" src=\"http:\/\/philtyprod.com\/testUP\/wp-content\/uploads\/2023\/09\/drawin13.png\" alt=\"\" class=\"wp-image-949\" srcset=\"http:\/\/philtyprod.com\/testUP\/wp-content\/uploads\/2023\/09\/drawin13.png 886w, http:\/\/philtyprod.com\/testUP\/wp-content\/uploads\/2023\/09\/drawin13-300x212.png 300w, http:\/\/philtyprod.com\/testUP\/wp-content\/uploads\/2023\/09\/drawin13-768x543.png 768w\" sizes=\"(max-width: 886px) 100vw, 886px\" \/><\/figure>\n\n\n\n<p>Chaque trajectoire se structure ensuite en diff\u00e9rentes th\u00e9matiques dans lesquelles s&rsquo;ins\u00e8rent les formations. Il y a un responsable p\u00e9dagogique pour chaque trajectoire, garant de sa coh\u00e9rence p\u00e9dagogique (et de la bonne tenue du calendrier).<\/p>\n\n\n\n<p>Je reste prudent vis-\u00e0-vis de l&rsquo;APC et de l&rsquo;AP. L&rsquo;approche par comp\u00e9tences a le vent en poupe depuis quelques ann\u00e9es, les gouvernances ont d\u00e9cid\u00e9 de s&rsquo;en saisir et d&rsquo;en faire la promotion, si bien qu&rsquo;aujourd&rsquo;hui, il faut passer des programmes, des catalogues entiers \u00e0 l&rsquo;APC. Je ne suis pas certain que les gouvernances comme les acteurs du terrain sachent vraiment ce que cela signifie et j&rsquo;esp\u00e8re avoir donn\u00e9, dans ces lignes, une id\u00e9e de la complexit\u00e9 du sujet.<br>Dans ma pratique, je tente de distinguer :<\/p>\n\n\n\n<ul class=\"wp-block-list\">\n<li>d&rsquo;une part, ce que demande la gouvernance, qui parle son propre langage, qui a charg\u00e9 d&rsquo;un certain sens les termes qu&rsquo;elle emploie et qui a ses objectifs (qui peuvent ou non co\u00efncider avec les miens, l\u00e0 n&rsquo;est pas la question) ;<\/li>\n\n\n\n<li>d&rsquo;autre part, l&rsquo;id\u00e9e que je me fais de mon m\u00e9tier : le niveau d&rsquo;exigence auquel je m&rsquo;astreins, ce que je consid\u00e8re \u00eatre une transmission r\u00e9ussie, le plaisir que je retire \u00e0 la pratique, etc.<\/li>\n<\/ul>\n\n\n\n<p>Je garde en t\u00eate qu&rsquo;il n&rsquo;y a pas, pour le moment, de situation r\u00e9elle d&rsquo;application absolue de l&rsquo;APC et de l&rsquo;AP. Les retours du terrains semblent aller dans ce sens : l&rsquo;approche par comp\u00e9tences n&rsquo;est pas op\u00e9rationnelle par elle-m\u00eame \u00e0 partir du moment o\u00f9 l&rsquo;on se retrouve en situation d&rsquo;acquisition-transmission. Pour ma part, je ne suis pas capable de dire si, pendant mes formations, je suis APC ou non, tout simplement parce que je n&rsquo;y pense absolument pas.<br>Je garde en t\u00eate que les fondements th\u00e9oriques de l&rsquo;APC ne sont pas stabilis\u00e9s, il sont encore en d\u00e9bat, et il est possible que dans 5 ou 10 ans, quelque chose d&rsquo;autre \u00e9merge (quelle r\u00e9ponse de l&rsquo;APC vis-\u00e0-vis de l&rsquo;intelligence artificielle par exemple ?).<br>Je garde enfin en t\u00eate un certain nombre de questions qui, si elles ont \u00e9t\u00e9 nourries par la th\u00e9orisation de l&rsquo;APC, sont largement plus anciennes et ce sont elles qui me taraudent en premier lieu :<\/p>\n\n\n\n<ul class=\"wp-block-list\">\n<li>Qu\u2019est-ce que je transmets r\u00e9ellement au public que je dessers ? Puis-je le conna\u00eetre ?<\/li>\n\n\n\n<li>Qu\u2019est-ce que le public re\u00e7oit r\u00e9ellement ? Puis-je le conna\u00eetre ?<\/li>\n\n\n\n<li>Quelle est la part de tacite dans les processus d\u2019acquisition-transmission que nous exp\u00e9rimentons (\u00e0 la fois comme tuteur et entre pair.e.s) ?<\/li>\n<\/ul>\n\n\n\n<h4 class=\"wp-block-heading\">Quelques r\u00e9f\u00e9rences<\/h4>\n\n\n\n<ul class=\"wp-block-list\">\n<li>BOSLER, Sabine, PASCAU, Julie, PLEAU, Joannie et FASTREZ, Pierre. Des concepts au terrain&nbsp;: questionnements relatifs \u00e0 la culture num\u00e9rique en \u00e9ducation aux m\u00e9dias et par les m\u00e9dias. Communication &amp; langages. 2019. Vol.&nbsp;201, n\u00b0&nbsp;3, pp.&nbsp;41\u201166.<\/li>\n\n\n\n<li>BRZUSTOWSKI-VA\u00cfSSE, Katie, MARCZAK, Rapha\u00ebl et MARIE-MONTAGNAC, H\u00e9l\u00e8ne. \u202aDe Subpoena \u00e0 CIEL&nbsp;: \u00e9tude de l\u2019acquisition de comp\u00e9tences informationnelles \u00e0 travers une approche vid\u00e9oludique pluridisciplinaire\u202a. Communication &amp; Organisation. 2018. Vol.&nbsp;54, n\u00b0&nbsp;2, pp.&nbsp;229\u2011240. &nbsp;<\/li>\n\n\n\n<li>COULET, Jean-Claude. La notion de comp\u00e9tence\u202f: un mod\u00e8le pour d\u00e9crire, \u00e9valuer et d\u00e9velopper les comp\u00e9tences. Le travail humain. 14 mars 2011. Vol.&nbsp;74, n\u00b0&nbsp;1, pp.&nbsp;1\u201130.<\/li>\n\n\n\n<li>COULET, Jean-Claude. Comp\u00e9tences transversales\u202f: quelques suggestions pour s\u2019affranchir d\u2019un mythe. Recherches en \u00e9ducation. [en&nbsp;ligne]. 2019. N\u00b0&nbsp;37. [Consult\u00e9&nbsp;le&nbsp;4&nbsp;avril&nbsp;2022].<\/li>\n\n\n\n<li>F\u00c9ROC DUMEZ, Isabelle, LOICQ, Marl\u00e8ne et SEURRAT, Aude. Dossier en d\u00e9bats&nbsp;: questionner les relations des chercheurs aux acteurs et aux pratiques de l\u2019\u00c9ducation aux m\u00e9dias et \u00e0 l\u2019Information (EMI). Communication &amp; langages. 2019. Vol.&nbsp;201, n\u00b0&nbsp;3, pp.&nbsp;31\u201140.<\/li>\n\n\n\n<li>SOLER, L\u00e9na. Les exp\u00e9rimentateurs sont-ils substituables les uns aux autres\u202f? Le Philosophoire. 29 d\u00e9cembre 2011. Vol.&nbsp;n\u00b0 35, n\u00b0&nbsp;1, pp.&nbsp;65\u2011113.<\/li>\n\n\n\n<li>TARDIF, Jacques. L\u2019\u00e9valuation des comp\u00e9tences: documenter le parcours de d\u00e9veloppement. . Montr\u00e9al: Cheneli\u00e8re-\u00e9ducation , DL 2006, 2006. Cheneli\u00e8re\/Didactique \u00c9valuation et comp\u00e9tences.<\/li>\n<\/ul>\n\n\n\n<p>Samuel Jamet<\/p>\n\n\n\n<p>(article initialement publi\u00e9 sur le forum FormaBib le 15\/01\/2023)<\/p>\n","protected":false},"excerpt":{"rendered":"<p>Attention, ce qui suit est le retour d&rsquo;une formation qui s&rsquo;est d\u00e9roul\u00e9e il y a quelques mois. On m&rsquo;excusera, je<\/p>\n","protected":false},"author":6,"featured_media":950,"comment_status":"open","ping_status":"open","sticky":false,"template":"","format":"standard","meta":{"colormag_page_layout":"default_layout","_price":"","_stock":"","_tribe_ticket_header":"","_tribe_default_ticket_provider":"","_tribe_ticket_capacity":"0","_ticket_start_date":"","_ticket_end_date":"","_tribe_ticket_show_description":"","_tribe_ticket_show_not_going":false,"_tribe_ticket_use_global_stock":"","_tribe_ticket_global_stock_level":"","_global_stock_mode":"","_global_stock_cap":"","_tribe_rsvp_for_event":"","_tribe_ticket_going_count":"","_tribe_ticket_not_going_count":"","_tribe_tickets_list":"[]","_tribe_ticket_has_attendee_info_fields":false,"footnotes":""},"categories":[19],"tags":[279,123,122,124,95],"class_list":["post-944","post","type-post","status-publish","format-standard","has-post-thumbnail","hentry","category-formation-de-formateurs-et-certifications","tag-apc","tag-approche-par-competences","tag-approche-programme","tag-ingenierie-pedagogique","tag-retour-dexperience"],"magazineBlocksPostFeaturedMedia":{"thumbnail":"http:\/\/philtyprod.com\/testUP\/wp-content\/uploads\/2023\/09\/coffee-2235370_1280-150x150.jpg","medium":"http:\/\/philtyprod.com\/testUP\/wp-content\/uploads\/2023\/09\/coffee-2235370_1280-300x200.jpg","medium_large":"http:\/\/philtyprod.com\/testUP\/wp-content\/uploads\/2023\/09\/coffee-2235370_1280-768x512.jpg","large":"http:\/\/philtyprod.com\/testUP\/wp-content\/uploads\/2023\/09\/coffee-2235370_1280-1024x682.jpg","1536x1536":"http:\/\/philtyprod.com\/testUP\/wp-content\/uploads\/2023\/09\/coffee-2235370_1280.jpg","2048x2048":"http:\/\/philtyprod.com\/testUP\/wp-content\/uploads\/2023\/09\/coffee-2235370_1280.jpg","colormag-highlighted-post":"http:\/\/philtyprod.com\/testUP\/wp-content\/uploads\/2023\/09\/coffee-2235370_1280-392x272.jpg","colormag-featured-post-medium":"http:\/\/philtyprod.com\/testUP\/wp-content\/uploads\/2023\/09\/coffee-2235370_1280-390x205.jpg","colormag-featured-post-small":"http:\/\/philtyprod.com\/testUP\/wp-content\/uploads\/2023\/09\/coffee-2235370_1280-130x90.jpg","colormag-featured-image":"http:\/\/philtyprod.com\/testUP\/wp-content\/uploads\/2023\/09\/coffee-2235370_1280-800x445.jpg","colormag-default-news":"http:\/\/philtyprod.com\/testUP\/wp-content\/uploads\/2023\/09\/coffee-2235370_1280-150x150.jpg","colormag-featured-image-large":"http:\/\/philtyprod.com\/testUP\/wp-content\/uploads\/2023\/09\/coffee-2235370_1280-1280x600.jpg","colormag-elementor-block-extra-large-thumbnail":"http:\/\/philtyprod.com\/testUP\/wp-content\/uploads\/2023\/09\/coffee-2235370_1280-1155x480.jpg","colormag-elementor-grid-large-thumbnail":"http:\/\/philtyprod.com\/testUP\/wp-content\/uploads\/2023\/09\/coffee-2235370_1280-600x417.jpg","colormag-elementor-grid-small-thumbnail":"http:\/\/philtyprod.com\/testUP\/wp-content\/uploads\/2023\/09\/coffee-2235370_1280-285x450.jpg","colormag-elementor-grid-medium-large-thumbnail":"http:\/\/philtyprod.com\/testUP\/wp-content\/uploads\/2023\/09\/coffee-2235370_1280-575x198.jpg"},"magazineBlocksPostAuthor":{"name":"Samuel Jamet","avatar":"https:\/\/secure.gravatar.com\/avatar\/25c00873360fc6263fd87a0ef180618777fbe94ce9a283bfb16b9abd1e2e05ec?s=96&d=robohash&r=g"},"magazineBlocksPostCommentsNumber":"0","magazineBlocksPostExcerpt":"Attention, ce qui suit est le retour d&rsquo;une formation qui s&rsquo;est d\u00e9roul\u00e9e il y a quelques mois. On m&rsquo;excusera, je","magazineBlocksPostCategories":["Formation de formateurs et certifications"],"magazineBlocksPostViewCount":291,"magazineBlocksPostReadTime":15,"magazine_blocks_featured_image_url":{"full":["http:\/\/philtyprod.com\/testUP\/wp-content\/uploads\/2023\/09\/coffee-2235370_1280.jpg",1280,853,false],"medium":["http:\/\/philtyprod.com\/testUP\/wp-content\/uploads\/2023\/09\/coffee-2235370_1280-300x200.jpg",300,200,true],"thumbnail":["http:\/\/philtyprod.com\/testUP\/wp-content\/uploads\/2023\/09\/coffee-2235370_1280-150x150.jpg",150,150,true]},"magazine_blocks_author":{"display_name":"Samuel Jamet","author_link":"http:\/\/philtyprod.com\/testUP\/author\/samuel-jamet\/"},"magazine_blocks_comment":0,"magazine_blocks_author_image":"https:\/\/secure.gravatar.com\/avatar\/25c00873360fc6263fd87a0ef180618777fbe94ce9a283bfb16b9abd1e2e05ec?s=96&d=robohash&r=g","magazine_blocks_category":"<a href=\"http:\/\/philtyprod.com\/testUP\/category\/formation-de-formateurs-et-certifications\/\" rel=\"category tag\">Formation de formateurs et certifications<\/a>","_links":{"self":[{"href":"http:\/\/philtyprod.com\/testUP\/wp-json\/wp\/v2\/posts\/944","targetHints":{"allow":["GET"]}}],"collection":[{"href":"http:\/\/philtyprod.com\/testUP\/wp-json\/wp\/v2\/posts"}],"about":[{"href":"http:\/\/philtyprod.com\/testUP\/wp-json\/wp\/v2\/types\/post"}],"author":[{"embeddable":true,"href":"http:\/\/philtyprod.com\/testUP\/wp-json\/wp\/v2\/users\/6"}],"replies":[{"embeddable":true,"href":"http:\/\/philtyprod.com\/testUP\/wp-json\/wp\/v2\/comments?post=944"}],"version-history":[{"count":2,"href":"http:\/\/philtyprod.com\/testUP\/wp-json\/wp\/v2\/posts\/944\/revisions"}],"predecessor-version":[{"id":952,"href":"http:\/\/philtyprod.com\/testUP\/wp-json\/wp\/v2\/posts\/944\/revisions\/952"}],"wp:featuredmedia":[{"embeddable":true,"href":"http:\/\/philtyprod.com\/testUP\/wp-json\/wp\/v2\/media\/950"}],"wp:attachment":[{"href":"http:\/\/philtyprod.com\/testUP\/wp-json\/wp\/v2\/media?parent=944"}],"wp:term":[{"taxonomy":"category","embeddable":true,"href":"http:\/\/philtyprod.com\/testUP\/wp-json\/wp\/v2\/categories?post=944"},{"taxonomy":"post_tag","embeddable":true,"href":"http:\/\/philtyprod.com\/testUP\/wp-json\/wp\/v2\/tags?post=944"}],"curies":[{"name":"wp","href":"https:\/\/api.w.org\/{rel}","templated":true}]}}