{"id":2010,"date":"2026-04-30T10:41:05","date_gmt":"2026-04-30T08:41:05","guid":{"rendered":"http:\/\/philtyprod.com\/testUP\/?p=2010"},"modified":"2026-04-30T10:41:05","modified_gmt":"2026-04-30T08:41:05","slug":"la-veille-delodie-mars-avril-2026","status":"publish","type":"post","link":"http:\/\/philtyprod.com\/testUP\/la-veille-delodie-mars-avril-2026\/","title":{"rendered":"La veille d&rsquo;Elodie &#8211; Mars-Avril 2026"},"content":{"rendered":"\n<p><\/p>\n\n\n\n<h2 class=\"wp-block-heading\">Actualit\u00e9 des outils&nbsp;<\/h2>\n\n\n\n<p><strong>Breaking News : Zotero 9 est sortie !\u00a0<\/strong><\/p>\n\n\n\n<p>La derni\u00e8re version de Zotero est disponible. <a href=\"https:\/\/zotero.hypotheses.org\/6316\" target=\"_blank\" rel=\"noreferrer noopener\">Tout savoir sur cette version<\/a>&nbsp;<\/p>\n\n\n\n<h2 class=\"wp-block-heading\">Comp\u00e9tences informationnelles\u00a0<\/h2>\n\n\n\n<p><strong>\u00ab Consommer l\u2019info avec mod\u00e9ration ? Questionner la frugalit\u00e9 informationnelle \u00bb<\/strong>\u00a0<\/p>\n\n\n\n<p>L\u2019Enssib organise le 3 juin 2026, de 9h30 \u00e0 16h, une journ\u00e9e d\u2019\u00e9tude intitul\u00e9e \u00ab Consommer l\u2019info avec mod\u00e9ration ? Questionner la frugalit\u00e9 informationnelle \u00bb, en collaboration avec l\u2019Insp\u00e9 de Lyon et le soutien du minist\u00e8re de la Culture. \u00c9v\u00e9nement en pr\u00e9sentiel et retransmis en direct sur la cha\u00eene youtube de l&rsquo;Enssib. Participation gratuite sur inscription. <a href=\"https:\/\/\u00c9v\u00e9nement organis\u00e9e en pr\u00e9sentiel et retransmis en direct sur la cha\u00eene youtube de l'Enssib. Participation gratuite sur inscription.\" target=\"_blank\" rel=\"noreferrer noopener\">En savoir plus<\/a>&nbsp;&nbsp;<\/p>\n\n\n\n<h2 class=\"wp-block-heading\">Intelligence Artificielle (IA)&nbsp;<\/h2>\n\n\n\n<p><strong>Formation \u00ab IA et recherche documentaire : ChatGPT et les autres \u00bb<\/strong>\u00a0<\/p>\n\n\n\n<p>Le r\u00e9seau des URFIST propose une formation formation pour explorer l&rsquo;impact de l&rsquo;Intelligence Artificielle (IA) sur la recherche documentaire sur la plateforme Callisto. <a href=\"https:\/\/callisto-formation.fr\/course\/section.php?id=5351\" target=\"_blank\" rel=\"noreferrer noopener\">Voir<\/a>&nbsp;<\/p>\n\n\n\n<p><strong>\u00ab IA : les nouveaux d\u00e9fis de l\u2019\u00e9dition scientifique \u00bb\u00a0<\/strong><\/p>\n\n\n\n<p>Un dossier du n\u00b0391 d<em>\u2019Archimag <\/em>en ligne sur cairn.info. <a href=\"https:\/\/shs.cairn.info\/magazine-archimag-2026-1?lang=fr\" target=\"_blank\" rel=\"noreferrer noopener\">Lire<\/a>&nbsp;<\/p>\n\n\n\n<p><strong>\u00ab The Exhaustion Problem: When Generative AI Demands Expertise From Novices \u00bb\u00a0<\/strong><\/p>\n\n\n\n<p>Une r\u00e9flexion sur le paradoxe des IA g\u00e9n\u00e9ratives qui demandent aux \u00e9tudiants de passer plus de temps sur la v\u00e9rification des faits et des sources que sur l\u2019assimilation de connaissances. <a href=\"https:\/\/jeppestricker.substack.com\/p\/the-exhaustion-problem-when-generative?triedRedirect=true\" target=\"_blank\" rel=\"noreferrer noopener\">Lire<\/a>&nbsp;<\/p>\n\n\n\n<p><strong>La r\u00e9daction et la lecture face aux IA&nbsp;&nbsp;<\/strong><\/p>\n\n\n\n<p>Cet article publi\u00e9 dans <em>The Conversation<\/em> fait \u00e9tat des premiers r\u00e9sultats d\u2019une \u00e9tude pilote sur l\u2019utilisation de l\u2019IA en cours de r\u00e9daction par des \u00e9tudiants de 1er cycle au moyen du protocole de pens\u00e9e \u00e0 voix haute. <a href=\"https:\/\/theconversation.com\/les-etudiants-laissent-ils-vraiment-lia-ecrire-a-leur-place-une-etude-observe-ce-qui-se-passe-pendant-la-redaction-279592\" target=\"_blank\" rel=\"noreferrer noopener\">Lire<\/a>&nbsp;<br>Cet autre article fait la synth\u00e8se des r\u00e9sultats d\u2019une enqu\u00eate sur les \u00e9tudiants europ\u00e9ens et l&rsquo;IA (CIVICA Information Literacy Skills Barometer 2025) et de leur rapport au livre imprim\u00e9 et num\u00e9rique. <a href=\"https:\/\/theconversation.com\/lire-pour-apprendre-comment-lia-transforme-le-rapport-des-etudiants-aux-bibliotheques-277570\" target=\"_blank\" rel=\"noreferrer noopener\">Lire<\/a>&nbsp;<\/p>\n\n\n\n<p><strong>\u00ab Des intelligences pas si artificielles \u00bb\u00a0<\/strong><\/p>\n\n\n\n<p>Une conf\u00e9rence avec St\u00e9phane Mallat, titulaire de la chaire Sciences des donn\u00e9es du Coll\u00e8ge de France et Taraneh Sayadi, informaticienne, titulaire de la chaire Calcul scientifique au Cnam qui traite des questions suivantes : qu\u2019est-ce que l\u2019intelligence artificielle ? Comment fonctionne-t-elle ? Pourquoi est-elle capable de r\u00e9soudre certains probl\u00e8mes extr\u00eamement complexes ? Comment s\u2019int\u00e8gre-t-elle dans la recherche scientifique ? Comment transforme-t-elle notre mani\u00e8re de faire de la science et d\u2019apprendre ? <a href=\"https:\/\/youtu.be\/3Q91zEURbI4\" target=\"_blank\" rel=\"noreferrer noopener\">Voir<\/a>\u00a0<\/p>\n\n\n\n<p><strong>Le Printemps de la Recherche en \u00e9ducation 2026 en replay\u00a0<\/strong><\/p>\n\n\n\n<p>Cet <a href=\"https:\/\/www.reseau-inspe.fr\/printemps-de-la-recherche-en-education-2026\/#\" target=\"_blank\" rel=\"noreferrer noopener\">\u00e9v\u00e9nement organis\u00e9 par le r\u00e9seau des INSP\u00c9<\/a> a choisi d\u2019interroger la place de l\u2019Intelligence Artificielle dans la formation et les pratiques enseignantes pour son \u00e9dition 2026. <a href=\"https:\/\/www.youtube.com\/playlist?list=PLQ6diS31MyoJIGqKkqUmzfevdl_D-nMUt\" target=\"_blank\" rel=\"noreferrer noopener\">Voir<\/a>\u00a0<\/p>\n\n\n\n<h2 class=\"wp-block-heading\">\u00c9ducation aux m\u00e9dias et \u00e0 l\u2019information (\u00c9MI)&nbsp;<\/h2>\n\n\n\n<p><strong>Fakem\u00e8tre\u00a0<\/strong><\/p>\n\n\n\n<p>Fakem\u00e8tre est un jeu en ligne cr\u00e9\u00e9 par Antonin Atger pour \u00ab enqu\u00eater sur des id\u00e9es re\u00e7ues, en \u00e9valuant la qualit\u00e9 des sources \u00bb. <a href=\"https:\/\/antoninatger.com\/jeux-pedagogiques\/\" target=\"_blank\" rel=\"noreferrer noopener\">Voir<\/a>&nbsp;<\/p>\n\n\n\n<p><strong>D\u00e9tecteurs de mythos, \u00e0 l&rsquo;attaque des fake news\u00a0<\/strong><\/p>\n\n\n\n<p>\u00c0 voir sur France TV jusqu\u2019au 22\/10\/2026, un documentaire de C\u00e9cile Tartakovsky sur le travail r\u00e9alis\u00e9 par une classe de 3e et des journalistes de l\u2019association Fake Off ayant abouti \u00e0 un spectacle pr\u00e9sent\u00e9 au th\u00e9\u00e2tre de la Concorde en juin 2025. <a href=\"https:\/\/www.france.tv\/france-2\/infrarouge\/8266617-detecteurs-de-mythos-a-l-attaque-des-fake-news.html#about-section\" target=\"_blank\" rel=\"noreferrer noopener\">Voir<\/a>&nbsp;<\/p>\n\n\n\n<h2 class=\"wp-block-heading\">Quoi de neuf sur Zenodo ?&nbsp;<\/h2>\n\n\n\n<p>Fresque des donn\u00e9es de recherche, \u00ab dispositif de sensibilisation \u00e0 la gestion et au partage des donn\u00e9es de recherche, cr\u00e9\u00e9 par Datactivist et l&rsquo;atelier de la donn\u00e9e LORD \u00bb. <a href=\"https:\/\/doi.org\/10.5281\/zenodo.18834925\" target=\"_blank\" rel=\"noreferrer noopener\">Voir<\/a>&nbsp;<\/p>\n\n\n\n<p>Good, Bad, and In Between : A Practical Guide to avoiding predatory open access publishers, atelier de formation doctorale. <a href=\"https:\/\/doi.org\/10.5281\/zenodo.19002428\" target=\"_blank\" rel=\"noreferrer noopener\">Voir<\/a>&nbsp;<\/p>\n\n\n\n<p>S&rsquo;appuyer sur le collectif pour une lecture augment\u00e9e : l&rsquo;arpentage en formation (atelier JNF 2026). <a href=\"https:\/\/doi.org\/10.5281\/zenodo.19130278\" target=\"_blank\" rel=\"noreferrer noopener\">Voir<\/a>&nbsp;<\/p>\n\n\n\n<p>Recherche documentaire juridique en L2 (initiation), d\u00e9roul\u00e9 p\u00e9dagogique et exercices. <a href=\"https:\/\/doi.org\/10.5281\/zenodo.19201532\" target=\"_blank\" rel=\"noreferrer noopener\">Voir<\/a>&nbsp;<\/p>\n\n\n\n<p>Bases juridiques et sites officiels pour la recherche documentaire en droit. <a href=\"https:\/\/doi.org\/10.5281\/zenodo.19250529\" target=\"_blank\" rel=\"noreferrer noopener\">Voir<\/a>&nbsp;<\/p>\n\n\n\n<p>Rechercher et \u00e9valuer l&rsquo;information &#8211; Module complet <a href=\"https:\/\/doi.org\/10.5281\/zenodo.19203391\" target=\"_blank\" rel=\"noreferrer noopener\">Voir<\/a> et Jeu sur le vocabulaire de la d\u00e9sinformation (extrait du module). <a href=\"https:\/\/doi.org\/10.5281\/zenodo.19202913\" target=\"_blank\" rel=\"noreferrer noopener\">Voir<\/a>&nbsp;<\/p>\n\n\n\n<p>Intelligence artificielle (IA), du contenu dans lequel \u00ab piocher pour r\u00e9aliser des supports de formation sur l&rsquo;intelligence artificielle (IA) \u00bb. <a href=\"https:\/\/piocher pour r\u00e9aliser des supports de formation sur l'intelligence artificielle (IA\" target=\"_blank\" rel=\"noreferrer noopener\">Voir<\/a>&nbsp;<\/p>\n\n\n\n<p>Jeu de cartes : les usages de l&rsquo;IA \u00e0 l&rsquo;universit\u00e9 (atelier JNF 2026). <a href=\"https:\/\/doi.org\/10.5281\/zenodo.19352872\" target=\"_blank\" rel=\"noreferrer noopener\">Voir<\/a>&nbsp;<\/p>\n\n\n\n<p>Concevoir un document texte accessible : fiche pratique. <a href=\"https:\/\/doi.org\/10.5281\/zenodo.19222536\" target=\"_blank\" rel=\"noreferrer noopener\">Voir<\/a>&nbsp;<\/p>\n\n\n\n<p>Time Line Circuit du livre en BU, pr\u00e9sentation du m\u00e9tier des biblioth\u00e8ques pour \u00e9tudiants et autres publics. <a href=\"https:\/\/doi.org\/10.5281\/zenodo.19239061\" target=\"_blank\" rel=\"noreferrer noopener\">Voir<\/a>&nbsp;<\/p>\n\n\n\n<p>La cr\u00e9ation et la diffusion de la connaissance, un parcours p\u00e9dagogique pour \u00ab immerger les \u00e9tudiants dans les r\u00e9alit\u00e9s du m\u00e9tier de chercheur \u00bb. <a href=\"https:\/\/doi.org\/10.5281\/zenodo.19397350\" target=\"_blank\" rel=\"noreferrer noopener\">Voir<\/a>&nbsp;<\/p>\n\n\n\n<p>Sketchnote \u00ab\u00a0Publier en open access\u00a0\u00bb. <a href=\"https:\/\/doi.org\/10.5281\/zenodo.19571753\" target=\"_blank\" rel=\"noreferrer noopener\">Voir<\/a>&nbsp;<\/p>\n","protected":false},"excerpt":{"rendered":"<p>Chaque mois, Elodie partage sa veille pro avec vous.<\/p>\n","protected":false},"author":3,"featured_media":2013,"comment_status":"closed","ping_status":"","sticky":false,"template":"","format":"standard","meta":{"colormag_page_layout":"default_layout","_price":"","_stock":"","_tribe_ticket_header":"","_tribe_default_ticket_provider":"","_tribe_ticket_capacity":"0","_ticket_start_date":"","_ticket_end_date":"","_tribe_ticket_show_description":"","_tribe_ticket_show_not_going":false,"_tribe_ticket_use_global_stock":"","_tribe_ticket_global_stock_level":"","_global_stock_mode":"","_global_stock_cap":"","_tribe_rsvp_for_event":"","_tribe_ticket_going_count":"","_tribe_ticket_not_going_count":"","_tribe_tickets_list":"[]","_tribe_ticket_has_attendee_info_fields":false,"footnotes":""},"categories":[18],"tags":[86,348,133,113],"class_list":["post-2010","post","type-post","status-publish","format-standard","has-post-thumbnail","hentry","category-veille-professionnelle","tag-emi","tag-fakemetre","tag-ia","tag-zotero"],"magazineBlocksPostFeaturedMedia":{"thumbnail":"http:\/\/philtyprod.com\/testUP\/wp-content\/uploads\/2026\/04\/Alice_Helleu_lisant_sur_la_plage_de_Deauville-150x150.jpg","medium":"http:\/\/philtyprod.com\/testUP\/wp-content\/uploads\/2026\/04\/Alice_Helleu_lisant_sur_la_plage_de_Deauville-240x300.jpg","medium_large":"http:\/\/philtyprod.com\/testUP\/wp-content\/uploads\/2026\/04\/Alice_Helleu_lisant_sur_la_plage_de_Deauville.jpg","large":"http:\/\/philtyprod.com\/testUP\/wp-content\/uploads\/2026\/04\/Alice_Helleu_lisant_sur_la_plage_de_Deauville.jpg","1536x1536":"http:\/\/philtyprod.com\/testUP\/wp-content\/uploads\/2026\/04\/Alice_Helleu_lisant_sur_la_plage_de_Deauville.jpg","2048x2048":"http:\/\/philtyprod.com\/testUP\/wp-content\/uploads\/2026\/04\/Alice_Helleu_lisant_sur_la_plage_de_Deauville.jpg","colormag-highlighted-post":"http:\/\/philtyprod.com\/testUP\/wp-content\/uploads\/2026\/04\/Alice_Helleu_lisant_sur_la_plage_de_Deauville-250x272.jpg","colormag-featured-post-medium":"http:\/\/philtyprod.com\/testUP\/wp-content\/uploads\/2026\/04\/Alice_Helleu_lisant_sur_la_plage_de_Deauville-250x205.jpg","colormag-featured-post-small":"http:\/\/philtyprod.com\/testUP\/wp-content\/uploads\/2026\/04\/Alice_Helleu_lisant_sur_la_plage_de_Deauville-130x90.jpg","colormag-featured-image":"http:\/\/philtyprod.com\/testUP\/wp-content\/uploads\/2026\/04\/Alice_Helleu_lisant_sur_la_plage_de_Deauville.jpg","colormag-default-news":"http:\/\/philtyprod.com\/testUP\/wp-content\/uploads\/2026\/04\/Alice_Helleu_lisant_sur_la_plage_de_Deauville-150x150.jpg","colormag-featured-image-large":"http:\/\/philtyprod.com\/testUP\/wp-content\/uploads\/2026\/04\/Alice_Helleu_lisant_sur_la_plage_de_Deauville.jpg","colormag-elementor-block-extra-large-thumbnail":"http:\/\/philtyprod.com\/testUP\/wp-content\/uploads\/2026\/04\/Alice_Helleu_lisant_sur_la_plage_de_Deauville.jpg","colormag-elementor-grid-large-thumbnail":"http:\/\/philtyprod.com\/testUP\/wp-content\/uploads\/2026\/04\/Alice_Helleu_lisant_sur_la_plage_de_Deauville.jpg","colormag-elementor-grid-small-thumbnail":"http:\/\/philtyprod.com\/testUP\/wp-content\/uploads\/2026\/04\/Alice_Helleu_lisant_sur_la_plage_de_Deauville.jpg","colormag-elementor-grid-medium-large-thumbnail":"http:\/\/philtyprod.com\/testUP\/wp-content\/uploads\/2026\/04\/Alice_Helleu_lisant_sur_la_plage_de_Deauville-250x198.jpg"},"magazineBlocksPostAuthor":{"name":"Elodie Willemin","avatar":"https:\/\/secure.gravatar.com\/avatar\/904d04c5bc3f44e6a1ebbf76d9d9ec40f3d7ef0e6cfef961fbafd66615f0a57b?s=96&d=robohash&r=g"},"magazineBlocksPostCommentsNumber":false,"magazineBlocksPostExcerpt":"Chaque mois, Elodie partage sa veille pro avec vous.","magazineBlocksPostCategories":["Veille professionnelle"],"magazineBlocksPostViewCount":9,"magazineBlocksPostReadTime":4,"magazine_blocks_featured_image_url":{"full":["http:\/\/philtyprod.com\/testUP\/wp-content\/uploads\/2026\/04\/Alice_Helleu_lisant_sur_la_plage_de_Deauville.jpg",250,313,false],"medium":["http:\/\/philtyprod.com\/testUP\/wp-content\/uploads\/2026\/04\/Alice_Helleu_lisant_sur_la_plage_de_Deauville-240x300.jpg",240,300,true],"thumbnail":["http:\/\/philtyprod.com\/testUP\/wp-content\/uploads\/2026\/04\/Alice_Helleu_lisant_sur_la_plage_de_Deauville-150x150.jpg",150,150,true]},"magazine_blocks_author":{"display_name":"Elodie Willemin","author_link":"http:\/\/philtyprod.com\/testUP\/author\/elodie-willemin\/"},"magazine_blocks_comment":0,"magazine_blocks_author_image":"https:\/\/secure.gravatar.com\/avatar\/904d04c5bc3f44e6a1ebbf76d9d9ec40f3d7ef0e6cfef961fbafd66615f0a57b?s=96&d=robohash&r=g","magazine_blocks_category":"<a href=\"http:\/\/philtyprod.com\/testUP\/category\/veille-professionnelle\/\" rel=\"category tag\">Veille professionnelle<\/a>","_links":{"self":[{"href":"http:\/\/philtyprod.com\/testUP\/wp-json\/wp\/v2\/posts\/2010","targetHints":{"allow":["GET"]}}],"collection":[{"href":"http:\/\/philtyprod.com\/testUP\/wp-json\/wp\/v2\/posts"}],"about":[{"href":"http:\/\/philtyprod.com\/testUP\/wp-json\/wp\/v2\/types\/post"}],"author":[{"embeddable":true,"href":"http:\/\/philtyprod.com\/testUP\/wp-json\/wp\/v2\/users\/3"}],"replies":[{"embeddable":true,"href":"http:\/\/philtyprod.com\/testUP\/wp-json\/wp\/v2\/comments?post=2010"}],"version-history":[{"count":2,"href":"http:\/\/philtyprod.com\/testUP\/wp-json\/wp\/v2\/posts\/2010\/revisions"}],"predecessor-version":[{"id":2012,"href":"http:\/\/philtyprod.com\/testUP\/wp-json\/wp\/v2\/posts\/2010\/revisions\/2012"}],"wp:featuredmedia":[{"embeddable":true,"href":"http:\/\/philtyprod.com\/testUP\/wp-json\/wp\/v2\/media\/2013"}],"wp:attachment":[{"href":"http:\/\/philtyprod.com\/testUP\/wp-json\/wp\/v2\/media?parent=2010"}],"wp:term":[{"taxonomy":"category","embeddable":true,"href":"http:\/\/philtyprod.com\/testUP\/wp-json\/wp\/v2\/categories?post=2010"},{"taxonomy":"post_tag","embeddable":true,"href":"http:\/\/philtyprod.com\/testUP\/wp-json\/wp\/v2\/tags?post=2010"}],"curies":[{"name":"wp","href":"https:\/\/api.w.org\/{rel}","templated":true}]}}