{"id":2006,"date":"2026-04-24T09:52:42","date_gmt":"2026-04-24T07:52:42","guid":{"rendered":"http:\/\/philtyprod.com\/testUP\/?p=2006"},"modified":"2026-04-24T09:52:42","modified_gmt":"2026-04-24T07:52:42","slug":"la-veille-de-thibault-mars-2026","status":"publish","type":"post","link":"http:\/\/philtyprod.com\/testUP\/la-veille-de-thibault-mars-2026\/","title":{"rendered":"La veille de Thibault &#8211; mars 2026"},"content":{"rendered":"\n<p class=\"has-large-font-size\"><strong>Apprentissage<\/strong><\/p>\n\n\n\n<p>L\u2019\u00e9chec peut s\u2019av\u00e9rer vertueux pour l\u2019apprentissage dans le sens o\u00f9 il m\u00e8ne \u00e0 la cr\u00e9ation de nouvelles connexions neuronales et renforce ainsi nos capacit\u00e9s de progression. Mais pour cela, il faut \u00e9galement que cet \u00e9chec soit pr\u00e9cis\u00e9ment proportionn\u00e9 (voir \u00ab\u00a0r\u00e8gle des 85\u00a0\u00bb du neuroscientifique Robert C. Wilson).<\/p>\n\n\n\n<p><strong>PAIRO-VASSEUR Alice, \u00ab\u00a0Quelles sont les (vraies) vertus de l&rsquo;\u00e9chec ?\u00a0\u00bb, <em>Le Point<\/em>, n\u00b0202603, 20 mars 2026<\/strong><\/p>\n\n\n\n<p><\/p>\n\n\n\n<p>Ce podcast r\u00e9unit Nadia Seraiocco, professeure associ\u00e9e, et Louka Labont\u00e9-Fournier, ancien \u00e9tudiant de Nadia, qui \u00e9voquent un dispositif p\u00e9dagogique mis en place dans un cours sur les cybercultures, les m\u00e9dias et les technologies\u00a0: faire parler les \u00e9tudiants de leur v\u00e9cu en lien avec le sujet et des \u00e9motions qu\u2019ils avaient rencontr\u00e9es au cours de leur exp\u00e9rience pour garder un souvenir marquant de cette s\u00e9quence.<\/p>\n\n\n\n<p><strong>\u00ab\u00a0Mobiliser les affects en p\u00e9dagogie universitaire\u00a0\u00bb, Collimateur \u2013 Veille p\u00e9dagonum\u00e9rique, Universit\u00e9 du Qu\u00e9bec \u00e0 Montr\u00e9al, 23 mars 2026<br><\/strong><a href=\"https:\/\/collimateur.uqam.ca\/collimateur\/mobiliser-les-affects-en-pedagogie-universitaire\/\"><strong>https:\/\/collimateur.uqam.ca\/collimateur\/mobiliser-les-affects-en-pedagogie-universitaire\/<\/strong><\/a><\/p>\n\n\n\n<p><\/p>\n\n\n\n<p class=\"has-large-font-size\"><strong>Organisation du travail<\/strong><\/p>\n\n\n\n<p>La docteure en neurosciences Anne-Laure Le Cunff publie <em>Petites exp\u00e9riences pour vivre en grand<\/em>, livre dans lequel elle remet en question le mod\u00e8le d\u2019organisation par objectifs. Elle lui pr\u00e9f\u00e8re une approche similaire \u00e0 la d\u00e9marche scientifique qui passe par l\u2019exp\u00e9rimentation et l\u2019avanc\u00e9e par petites transformations successives.<\/p>\n\n\n\n<p><strong>LE GALL Arnaud, \u00ab\u00a0Arr\u00eatez de vous fixer des objectifs, voici ce que vous devriez plut\u00f4t faire selon cette scientifique\u00a0\u00bb, <em>Ouest-France<\/em>, 6 mars 2026<br><\/strong><a href=\"https:\/\/www.ouest-france.fr\/leditiondusoir\/2026-03-06\/arretez-de-vous-fixer-des-objectifs-voici-ce-que-vous-devriez-plutot-faire-selon-cette-scientifique-db9f6a2c-a2d5-429e-883d-97da35090575\"><strong>https:\/\/www.ouest-france.fr\/leditiondusoir\/2026-03-06\/arretez-de-vous-fixer-des-objectifs-voici-ce-que-vous-devriez-plutot-faire-selon-cette-scientifique-db9f6a2c-a2d5-429e-883d-97da35090575<\/strong><\/a><\/p>\n\n\n\n<p><\/p>\n\n\n\n<p class=\"has-large-font-size\"><strong>Motivation<\/strong><\/p>\n\n\n\n<p>Et si l\u2019\u00eatre humain n\u2019\u00e9tait pas r\u00e9ticent \u00e0 l\u2019effort mais seulement \u00e0 l\u2019effort inutile dans le sens o\u00f9 il repr\u00e9senterait un g\u00e2chis de temps et d\u2019\u00e9nergie\u00a0? Une \u00e9tude publi\u00e9e dans le dernier num\u00e9ro de la revue <em>Neuroscience &amp; Biobehavioral Reviews<\/em> affirme en effet que c\u2019est la r\u00e9compense \u00e0 la cl\u00e9 qui va d\u00e9terminer le niveau d\u2019engagement plut\u00f4t que les efforts \u00e0 r\u00e9aliser.<\/p>\n\n\n\n<p><strong>ANDR\u00c9 Nathalie, \u00ab\u00a0Sommes-nous vraiment programm\u00e9s pour la paresse\u00a0?\u00a0\u00bb, <em>The Conversation<\/em>, 24 mars 2026<br>DOI\u00a0: <\/strong><a href=\"https:\/\/doi.org\/10.64628\/AAK.5t7nktvjy\"><strong>https:\/\/doi.org\/10.64628\/AAK.5t7nktvjy<\/strong><\/a><a href=\"https:\/\/theconversation.com\/sommes-nous-vraiment-programmes-pour-la-paresse-278897\"><strong>https:\/\/theconversation.com\/sommes-nous-vraiment-programmes-pour-la-paresse-278897<\/strong><\/a><\/p>\n","protected":false},"excerpt":{"rendered":"<p>Apprentissage L\u2019\u00e9chec peut s\u2019av\u00e9rer vertueux pour l\u2019apprentissage dans le sens o\u00f9 il m\u00e8ne \u00e0 la cr\u00e9ation de nouvelles connexions neuronales<\/p>\n","protected":false},"author":9,"featured_media":2007,"comment_status":"closed","ping_status":"","sticky":false,"template":"","format":"standard","meta":{"colormag_page_layout":"default_layout","_price":"","_stock":"","_tribe_ticket_header":"","_tribe_default_ticket_provider":"","_tribe_ticket_capacity":"0","_ticket_start_date":"","_ticket_end_date":"","_tribe_ticket_show_description":"","_tribe_ticket_show_not_going":false,"_tribe_ticket_use_global_stock":"","_tribe_ticket_global_stock_level":"","_global_stock_mode":"","_global_stock_cap":"","_tribe_rsvp_for_event":"","_tribe_ticket_going_count":"","_tribe_ticket_not_going_count":"","_tribe_tickets_list":"[]","_tribe_ticket_has_attendee_info_fields":false,"footnotes":""},"categories":[18],"tags":[346,313,236,347,105],"class_list":["post-2006","post","type-post","status-publish","format-standard","has-post-thumbnail","hentry","category-veille-professionnelle","tag-echec","tag-neurones","tag-neurosciences","tag-objectif","tag-pedagogie"],"magazineBlocksPostFeaturedMedia":{"thumbnail":"http:\/\/philtyprod.com\/testUP\/wp-content\/uploads\/2026\/04\/human-brain-detailed-structure-150x150.jpg","medium":"http:\/\/philtyprod.com\/testUP\/wp-content\/uploads\/2026\/04\/human-brain-detailed-structure-300x300.jpg","medium_large":"http:\/\/philtyprod.com\/testUP\/wp-content\/uploads\/2026\/04\/human-brain-detailed-structure-768x768.jpg","large":"http:\/\/philtyprod.com\/testUP\/wp-content\/uploads\/2026\/04\/human-brain-detailed-structure-1024x1024.jpg","1536x1536":"http:\/\/philtyprod.com\/testUP\/wp-content\/uploads\/2026\/04\/human-brain-detailed-structure-1536x1536.jpg","2048x2048":"http:\/\/philtyprod.com\/testUP\/wp-content\/uploads\/2026\/04\/human-brain-detailed-structure-2048x2048.jpg","colormag-highlighted-post":"http:\/\/philtyprod.com\/testUP\/wp-content\/uploads\/2026\/04\/human-brain-detailed-structure-392x272.jpg","colormag-featured-post-medium":"http:\/\/philtyprod.com\/testUP\/wp-content\/uploads\/2026\/04\/human-brain-detailed-structure-390x205.jpg","colormag-featured-post-small":"http:\/\/philtyprod.com\/testUP\/wp-content\/uploads\/2026\/04\/human-brain-detailed-structure-130x90.jpg","colormag-featured-image":"http:\/\/philtyprod.com\/testUP\/wp-content\/uploads\/2026\/04\/human-brain-detailed-structure-800x445.jpg","colormag-default-news":"http:\/\/philtyprod.com\/testUP\/wp-content\/uploads\/2026\/04\/human-brain-detailed-structure-150x150.jpg","colormag-featured-image-large":"http:\/\/philtyprod.com\/testUP\/wp-content\/uploads\/2026\/04\/human-brain-detailed-structure-1400x600.jpg","colormag-elementor-block-extra-large-thumbnail":"http:\/\/philtyprod.com\/testUP\/wp-content\/uploads\/2026\/04\/human-brain-detailed-structure-1155x480.jpg","colormag-elementor-grid-large-thumbnail":"http:\/\/philtyprod.com\/testUP\/wp-content\/uploads\/2026\/04\/human-brain-detailed-structure-600x417.jpg","colormag-elementor-grid-small-thumbnail":"http:\/\/philtyprod.com\/testUP\/wp-content\/uploads\/2026\/04\/human-brain-detailed-structure-285x450.jpg","colormag-elementor-grid-medium-large-thumbnail":"http:\/\/philtyprod.com\/testUP\/wp-content\/uploads\/2026\/04\/human-brain-detailed-structure-575x198.jpg"},"magazineBlocksPostAuthor":{"name":"Thibault Urbain","avatar":"https:\/\/secure.gravatar.com\/avatar\/72c7ede6adcc9dca53cd3c2b6041df2cb786ce3f40dec88ec40be3b0a69e7eb2?s=96&d=robohash&r=g"},"magazineBlocksPostCommentsNumber":false,"magazineBlocksPostExcerpt":"Apprentissage L\u2019\u00e9chec peut s\u2019av\u00e9rer vertueux pour l\u2019apprentissage dans le sens o\u00f9 il m\u00e8ne \u00e0 la cr\u00e9ation de nouvelles connexions neuronales","magazineBlocksPostCategories":["Veille professionnelle"],"magazineBlocksPostViewCount":24,"magazineBlocksPostReadTime":2,"magazine_blocks_featured_image_url":{"full":["http:\/\/philtyprod.com\/testUP\/wp-content\/uploads\/2026\/04\/human-brain-detailed-structure-scaled.jpg",2560,2560,false],"medium":["http:\/\/philtyprod.com\/testUP\/wp-content\/uploads\/2026\/04\/human-brain-detailed-structure-300x300.jpg",300,300,true],"thumbnail":["http:\/\/philtyprod.com\/testUP\/wp-content\/uploads\/2026\/04\/human-brain-detailed-structure-150x150.jpg",150,150,true]},"magazine_blocks_author":{"display_name":"Thibault Urbain","author_link":"http:\/\/philtyprod.com\/testUP\/author\/thibault-urbain\/"},"magazine_blocks_comment":0,"magazine_blocks_author_image":"https:\/\/secure.gravatar.com\/avatar\/72c7ede6adcc9dca53cd3c2b6041df2cb786ce3f40dec88ec40be3b0a69e7eb2?s=96&d=robohash&r=g","magazine_blocks_category":"<a href=\"http:\/\/philtyprod.com\/testUP\/category\/veille-professionnelle\/\" rel=\"category tag\">Veille professionnelle<\/a>","_links":{"self":[{"href":"http:\/\/philtyprod.com\/testUP\/wp-json\/wp\/v2\/posts\/2006","targetHints":{"allow":["GET"]}}],"collection":[{"href":"http:\/\/philtyprod.com\/testUP\/wp-json\/wp\/v2\/posts"}],"about":[{"href":"http:\/\/philtyprod.com\/testUP\/wp-json\/wp\/v2\/types\/post"}],"author":[{"embeddable":true,"href":"http:\/\/philtyprod.com\/testUP\/wp-json\/wp\/v2\/users\/9"}],"replies":[{"embeddable":true,"href":"http:\/\/philtyprod.com\/testUP\/wp-json\/wp\/v2\/comments?post=2006"}],"version-history":[{"count":1,"href":"http:\/\/philtyprod.com\/testUP\/wp-json\/wp\/v2\/posts\/2006\/revisions"}],"predecessor-version":[{"id":2008,"href":"http:\/\/philtyprod.com\/testUP\/wp-json\/wp\/v2\/posts\/2006\/revisions\/2008"}],"wp:featuredmedia":[{"embeddable":true,"href":"http:\/\/philtyprod.com\/testUP\/wp-json\/wp\/v2\/media\/2007"}],"wp:attachment":[{"href":"http:\/\/philtyprod.com\/testUP\/wp-json\/wp\/v2\/media?parent=2006"}],"wp:term":[{"taxonomy":"category","embeddable":true,"href":"http:\/\/philtyprod.com\/testUP\/wp-json\/wp\/v2\/categories?post=2006"},{"taxonomy":"post_tag","embeddable":true,"href":"http:\/\/philtyprod.com\/testUP\/wp-json\/wp\/v2\/tags?post=2006"}],"curies":[{"name":"wp","href":"https:\/\/api.w.org\/{rel}","templated":true}]}}