{"id":1682,"date":"2025-03-22T18:03:10","date_gmt":"2025-03-22T17:03:10","guid":{"rendered":"http:\/\/philtyprod.com\/testUP\/?p=1682"},"modified":"2025-04-10T20:07:30","modified_gmt":"2025-04-10T18:07:30","slug":"ce-que-ne-nous-disent-pas-lesapproches-par-competences-sur-lapprenant-1-3","status":"publish","type":"post","link":"http:\/\/philtyprod.com\/testUP\/ce-que-ne-nous-disent-pas-lesapproches-par-competences-sur-lapprenant-1-3\/","title":{"rendered":"Ce que (ne) nous di(sen)t (pas) l(es)\u2019approche(s) par comp\u00e9tence(s) sur l\u2019apprenant &#8211; Origines (1\/3)"},"content":{"rendered":"<p><em>Cette s\u00e9rie de trois articles reprend une mini-conf\u00e9rence donn\u00e9e \u00e0 l&rsquo;occasion des Journ\u00e9es Nationales des Formateurs de Nanterre, fin janvier 2025. Les deux premiers articles reprennent sans trop de modifications le texte de la conf\u00e9rence, le troisi\u00e8me propose quelques ajouts.<\/em><\/p>\n\n\n<div class=\"wp-block-columns is-layout-flex wp-container-core-columns-is-layout-28f84493 wp-block-columns-is-layout-flex\">\n<div class=\"wp-block-column is-layout-flow wp-block-column-is-layout-flow\" style=\"flex-basis:100%\">\n<div class=\"mzb-heading mzb-heading-8849be73 mzb-heading-layout-1 mzb-heading-layout-1-style-1\"><div class=\"mzb-heading-inner\"><h1 placeholder=\"This is heading\">Introduction<\/h1><\/div><\/div>\n<\/div>\n<\/div>\n\n\n\n<h2 class=\"wp-block-heading\">A quoi tente de r\u00e9pondre l&rsquo;approche par comp\u00e9tence ?<\/h2>\n\n\n\n<p>Tout le monde est a peu pr\u00e8s d\u2019accord pour dire que les connaissances ne sont pas autosuffisantes, qu\u2019il ne suffit pas d\u2019acqu\u00e9rir du savoir pour pouvoir le transf\u00e9rer dans une pratique.<\/p>\n\n\n\n<p>Tout le monde est d\u2019accord pour dire que l\u2019apprentissage et la cognition, donc l\u2019ensemble des processus qui font \u00e9merger la m\u00e9moire et la connaissance sont situ\u00e9s, situ\u00e9s dans types de pratiques, dans des modalit\u00e9s d\u2019interaction avec des gens, avec des objets, dans des syst\u00e8mes.<\/p>\n\n\n\n<p>L\u2019un des gros probl\u00e8mes tient dans la d\u00e9finition de ces situations : je viens ici de lister quelques exemples extr\u00eamement vagues de situations, mais, dans le champs de la p\u00e9dagogie, la transf\u00e9rabilit\u00e9 des connaissances vers les pratiques am\u00e8ne naturellement \u00e0 se demander, quelles pratiques ? quelles situations ? pour \u00e9valuer l\u2019acquisition et la ma\u00eetrise des connaissances.<\/p>\n\n\n\n<p>A cette probl\u00e9matique s\u2019ajoute celle-ci : qui a la l\u00e9gitimit\u00e9 pour les d\u00e9finir, ces situations ? Quels contextes sont attach\u00e9s \u00e0 quels apprentissages ?<\/p>\n\n\n\n<p>Pour synth\u00e9tiser : l\u2019approche par comp\u00e9tence, en tant que paradigme p\u00e9dagogique, a pour ambition de proposer une r\u00e9ponse unifi\u00e9e et coh\u00e9rente, voire m\u00eame globale, \u00e0 la difficile question de l\u2019acquisition des connaissances de leur r\u00e9investissement dans la vie de l\u2019apprenant, en estimant qu\u2019il incombe au corps enseignant de le guider sur l\u2019ensemble du processus, et non pas (ou non plus) seulement la phase d\u2019acquisition des connaissances sous une forme fragment\u00e9e.<\/p>\n\n\n\n<p>Je propose dans cette s\u00e9rie de petits articles de tenter, humblement, d\u2019analyser cette r\u00e9ponse un peu plus en profondeur. Il faut commencer par une g\u00e9n\u00e9alogie de l\u2019approche par comp\u00e9tence. J\u2019ai organis\u00e9 cette phase en deux parties :<\/p>\n\n\n\n<ul class=\"wp-block-list\">\n<li>un point sur les origines institutionnelles, politiques et \u00e9conomiques de l\u2019approche par comp\u00e9tence<\/li>\n\n\n\n<li>un point sur les origines th\u00e9oriques et conceptuelles de l\u2019approche par comp\u00e9tence.<\/li>\n<\/ul>\n\n\n\n<p>Je ferai, dans un deuxi\u00e8me article, un tour assez rapide des principales fragilit\u00e9s conceptuelles et concr\u00e8tes de l\u2019approche par competence et je poursuivrai avec une proposition de portrait robot de l\u2019apprenant.<\/p>\n\n\n\n<p>Enfin, dans un troisi\u00e8me article, je proposerai d\u2019ajouter une nouvelle couche de complexit\u00e9 et de flou en abordant d\u2019autres propositions qui m\u2019ont sembl\u00e9es int\u00e9ressantes, certaines radicalement contre l\u2019approche par comp\u00e9tence, d\u2019autres moins, ce qui vous donnera une id\u00e9e de mon positionnement apr\u00e8s quelques mois \u00e0 travailler sur la question\u2026<\/p>\n\n\n\n<h2 class=\"wp-block-heading\">Comment j&rsquo;ai travaill\u00e9 sur le sujet<\/h2>\n\n\n\n<p>Loin d\u2019\u00eatre la pr\u00e9sentation d\u2019un travail de revue compl\u00e8te de la litt\u00e9rature (c\u2019\u00e9tait mon ambition au d\u00e9part, mais j\u2019ai d\u00fb reculer parce que la litt\u00e9rature sur l\u2019approche par comp\u00e9tence et sur la notion de comp\u00e9tence est colossale), j\u2019ai tout de m\u00eame tenu \u00e0 revenir \u00e0 la litt\u00e9rature scientifique, ce n\u2019est donc pas un retour d\u2019exp\u00e9rience, ou un travail conceptuel et th\u00e9orique original, c\u2019est l\u2019\u00e9tat des lieux de mes lectures et de la compr\u00e9hension que j\u2019en ai aujourd\u2019hui ce 30 janvier 2025 [date de la mini-conf aux JNF]. Voici les caract\u00e9ristiques de mon corpus en ce qui concerne les deux premiers articles publi\u00e9s dans ce blog.<\/p>\n\n\n\n<ul class=\"wp-block-list\">\n<li>19 r\u00e9f\u00e9rences (Articles de revues, et ouvrages)<\/li>\n\n\n\n<li>P\u00e9riode : 1992-2019<\/li>\n\n\n\n<li>Francophone (France, Belgique, Qu\u00e9bec, Mauritanie, S\u00e9n\u00e9gal)<\/li>\n\n\n\n<li>Vari\u00e9t\u00e9 de positions : des promoteurs comme Tardif, Roegiers et Coulet, des anti comme Hirtt et Crahay, des dubitatifs comme Anderson-Levitt, Bernard<\/li>\n<\/ul>\n\n\n\n<p>Pour poser les choses franchement, je suis, pour ma part, assez sceptique au sujet de l\u2019approche par comp\u00e9tence, et cette intervention le montrera assez clairement. Je suis plut\u00f4t convaincu de la bonne volont\u00e9 de ses promoteurs dont je partage les constats de d\u00e9part, beaucoup moins par les assises th\u00e9oriques, les champs d\u2019application qu\u2019elle se donne et ses mises en pratiques. En revanche, je ne me consid\u00e8re pas comme radicalement anti-APC et je pense qu\u2019il est possible de travailler avec en modifiant certaines de ses d\u00e9finitions de base et en adoptant une posture critique vis-\u00e0-vis des politiques qui la promeuvent. Ma position en tant que petit praticien, c\u2019est \u201cfaisons avec, tant que le travail est bien fait, personne ne viendra m\u2019emb\u00eater.\u201d<\/p>\n\n\n\n<div class=\"mzb-heading mzb-heading-963b511d mzb-heading-layout-1 mzb-heading-layout-1-style-1\"><div class=\"mzb-heading-inner\"><h1 placeholder=\"This is heading\">G\u00e9n\u00e9alogies (institutionnelles et th\u00e9oriques)<\/h1><\/div><\/div>\n\n\n\n<h2 class=\"wp-block-heading\">G\u00e9n\u00e9aologie politique, \u00e9conomique et institutionnelle<\/h2>\n\n\n\n<p>Si le terme de \u201ccomp\u00e9tence\u201d existe dans la litt\u00e9rature depuis les ann\u00e9es 30 (recherche Scopus), c\u2019est vraiment \u00e0 l\u2019apr\u00e8s-guerre que ce terme fleurit et est mobilis\u00e9 dans le champ de l\u2019\u00e9ducation et plus particuli\u00e8rement de la formation professionnelle. Deux pionniers de l\u2019approche par comp\u00e9tence, Jacques Tardif, chercheur en psychologie, ou Guy Le Boterf, qui vient de de la sociologie naviguent tous les deux dans le domaine de la formation professionnelle, du management et de la gestion des ressources humaines. Si le second, Le Boterf, est, \u00e0 ce que j\u2019ai pu lire, rest\u00e9 dans le domaine de la formation professionnelle, Tardif, d\u00e8s 1992(Tardif et al., 1992), estime qu\u2019il est possible d\u2019adapter l\u2019approche par comp\u00e9tence \u00e0 ce qu\u2019il nomme les \u201censeignements fondamentaux\u201d, autrement dit, la formation acad\u00e9mique.<\/p>\n\n\n\n<p>Dans tous les cas, personne ne nie que l\u2019approche par comp\u00e9tence est, au d\u00e9part, une \u00e9manation du monde du travail.<\/p>\n\n\n\n<p>Constatant l\u2019inefficacit\u00e9 de pedagogies pr\u00e9tendument centr\u00e9es sur la transmission de contenus et de connaissances d\u00e9contextualis\u00e9es de toute int\u00e9gration dans la vie des apprenants, les entreprises se sont inspir\u00e9es des psychologies du travail, des recherches en ergonomie, et, dans un v\u00e9ritable \u00e9lan r\u00e9flexif, se sont demand\u00e9es, mais c\u2019est quoi un employ\u00e9 qui bosse bien ? Qu\u2019est-ce qu\u2019on attend de lui, comment on l\u2019am\u00e8ne \u00e0 \u00e7a, et pourquoi, quand il arrive chez nous, il est \u00e0 peu pr\u00e8s incapable de faire quoi que ce soit ?<\/p>\n\n\n\n<p>Roegiers nous dit, en 2010 :<\/p>\n\n\n\n<blockquote class=\"wp-block-quote is-style-plain is-layout-flow wp-block-quote-is-layout-flow\">\n<p style=\"border-radius:0px\">Pour ceux qui avaient pris connaissance de ces r\u00e9flexions, il devenait ind\u00e9cent de raisonner uniquement en termes de contenus \u00e0 enseigner. Il fallait pr\u00e9ciser ce que l\u2019on d\u00e9sirait apprendre \u00e0 faire sur ce contenu (l\u2019objectif est une capacit\u00e9 \u00e0 exercer sur un contenu). Il fallait m\u00eame autant que possible pr\u00e9ciser les performances attendues en comportements observables de fa\u00e7on non ambigu\u00eb (Roegiers, 2010a).<\/p>\n<\/blockquote>\n\n\n\n<p>Il poursuit :<\/p>\n\n\n\n<blockquote class=\"wp-block-quote is-layout-flow wp-block-quote-is-layout-flow\">\n<p>Ces constats alli\u00e9s aux imp\u00e9ratifs de la comp\u00e9titivit\u00e9 et de la rentabilit\u00e9 amen\u00e8rent les entreprises \u00e0 cr\u00e9er leur propre service de formation afin que les nouveaux engag\u00e9s ou le personnel \u00e0 muter soient le plus rapidement \u00ab performants \u00bb, c\u2019est-\u00e0-dire capables d\u2019accomplir leurs t\u00e2ches avec une qualit\u00e9 proche du z\u00e9ro d\u00e9faut et de r\u00e9soudre au mieux les probl\u00e8mes susceptibles de survenir dans l\u2019accomplissement de leurs t\u00e2ches. Les services de formation eurent donc comme premier r\u00f4le de faire avec les services concern\u00e9s de l\u2019entreprise une analyse pr\u00e9cise des t\u00e2ches et d\u2019identifier \u00e0 partir de l\u00e0 les comp\u00e9tences requises. Ainsi naquit le concept de \u00ab r\u00e9f\u00e9rentiel de comp\u00e9tences \u00bb. (Roegiers, 2010a)<\/p>\n<\/blockquote>\n\n\n\n<p>Auquel on peut ajouter la notion de \u201cfamille de t\u00e2che\u201d, laquelle n\u2019est pas mentionn\u00e9e dans cet extrait.<\/p>\n\n\n\n<p>Le domaine de la formation professionnelle est devenu progressivement ultra strat\u00e9gique, crucial, et surtout tr\u00e8s couteux pour les entreprises qui ont eu, on le comprend bien, tout int\u00e9r\u00eat \u00e0 faire pression sur l\u2019\u00e9cole pour adapter les programmes \u00e0 cette notion de comp\u00e9tence faire peser les co\u00fbts ailleurs qu\u2019en interne, elles ont ainsi pouss\u00e9 les pouvoirs publics \u00e0 adopter une certaine langue, d\u2019abord propre \u00e0 la formation professionnelle.<\/p>\n\n\n\n<p>On arrive \u00e0 une deuxi\u00e8me phase de la mise en circulation, d\u2019une part de la notion de comp\u00e9tence, d\u2019autre part de l\u2019approche par comp\u00e9tence. Il faut garder en t\u00eate que la circulation des politiques publiques d\u2019\u00e9ducation est g\u00e9n\u00e9ralement assez complexe, c\u2019est un champs d\u2019\u00e9tude \u00e0 part enti\u00e8re, je vais donc m\u2019arr\u00eater \u00e0 quelques cas, qui n\u2019\u00e9puisent en aucun cas toutes les modalit\u00e9s de circulation des APC.<\/p>\n\n\n\n<p>Dans le courant des ann\u00e9es 90, les entreprises vont faire pression sur l\u2019Union Europ\u00e9enne pour la pousser \u00e0 d\u00e9bloquer des moyens pour d\u00e9finir, pour chaque cat\u00e9gories de m\u00e9tier, un r\u00e9f\u00e9rentiel de comp\u00e9tences, et pour chaque formation une somme d\u2019unit\u00e9s capitalisables, l\u2019id\u00e9e principale \u00e9tant de faire correspondre les objectifs terminaux des formations avec les r\u00e9f\u00e9rentiels m\u00e9tiers (Roegiers, 2010a).<\/p>\n\n\n\n<figure class=\"wp-block-image size-large is-resized\"><img fetchpriority=\"high\" decoding=\"async\" width=\"1024\" height=\"567\" src=\"http:\/\/philtyprod.com\/testUP\/wp-content\/uploads\/2025\/03\/APC_JNF2025-1-1024x567.png\" alt=\"\" class=\"wp-image-1698\" style=\"width:629px;height:auto\" srcset=\"http:\/\/philtyprod.com\/testUP\/wp-content\/uploads\/2025\/03\/APC_JNF2025-1-1024x567.png 1024w, http:\/\/philtyprod.com\/testUP\/wp-content\/uploads\/2025\/03\/APC_JNF2025-1-300x166.png 300w, http:\/\/philtyprod.com\/testUP\/wp-content\/uploads\/2025\/03\/APC_JNF2025-1-768x425.png 768w, http:\/\/philtyprod.com\/testUP\/wp-content\/uploads\/2025\/03\/APC_JNF2025-1-1536x850.png 1536w, http:\/\/philtyprod.com\/testUP\/wp-content\/uploads\/2025\/03\/APC_JNF2025-1-2048x1134.png 2048w\" sizes=\"(max-width: 1024px) 100vw, 1024px\" \/><\/figure>\n\n\n\n<p>Dans le m\u00eame mouvement, c\u2019est l\u2019OCDE qui va se saisir de la question de la r\u00e9forme des programmes scolaires. Dans un rapport publi\u00e9 en 2001 (OCDE, 2001), l\u2019organisation prend acte du fait que les \u00e9conomies d\u00e9velopp\u00e9es sont fond\u00e9es sur la capitalisation du savoir :<\/p>\n\n\n\n<ul class=\"wp-block-list\">\n<li>les entreprises qui fonctionnent sont celles qui investissent dans la recherche et d\u00e9veloppement<\/li>\n\n\n\n<li>les profils de qualification montrent \u201cune pente ascendante\u201d dans la plupart des secteurs.<\/li>\n<\/ul>\n\n\n\n<p>Mais, l\u2019OCDE estime que le \u201cstock de savoir\u201d n\u2019est peut-\u00eatre pas aussi important qu\u2019on peut se l\u2019imaginer : les innovations technologiques entra\u00eenent des bouleversements \u00e0 des rythmes de plus en plus fr\u00e9n\u00e9tiques, d\u00e9truisent des secteurs d\u2019activit\u00e9s et d\u00e9mon\u00e9tarisent des savoirs qui ne sont plus mobilisables. Nous entrons peut-\u00eatre alors, dans une \u201c\u00e9conomie apprenante\u201d boost\u00e9e par la globalisation et la d\u00e9r\u00e9glementation :<\/p>\n\n\n\n<blockquote class=\"wp-block-quote is-layout-flow wp-block-quote-is-layout-flow\">\n<p>au sein de laquelle le succ\u00e8s des individus, des entreprises, des r\u00e9gions et des pays traduira avant tout leur capacit\u00e9 d\u2019apprendre. (OCDE, 2001)<\/p>\n<\/blockquote>\n\n\n\n<p>Le r\u00f4le de l\u2019\u00e9cole doit, dans ce cadre, \u00eatre profond\u00e9ment questionn\u00e9. D\u2019une part :<\/p>\n\n\n\n<blockquote class=\"wp-block-quote is-layout-flow wp-block-quote-is-layout-flow\">\n<p>les professions lib\u00e9rales, les travailleurs, les scientifiques, etc., ne commencent \u00e0 d\u00e9ployer effectivement leur savoir que longtemps \u2013 parfois tr\u00e8s longtemps \u2013 apr\u00e8s avoir quitt\u00e9 l\u2019\u00e9cole. Une part importante du programme scolaire est alors oubli\u00e9e, m\u00eame chez les tr\u00e8s qualifi\u00e9s ; \u00e0 plus forte raison chez ceux qui travaillent dans des environnements de basse qualification, qui, n\u2019utilisant pas leurs connaissances, les perdront.<\/p>\n<\/blockquote>\n\n\n\n<p>D\u2019autre part :<\/p>\n\n\n\n<blockquote class=\"wp-block-quote is-layout-flow wp-block-quote-is-layout-flow\">\n<p>Les questions relatives aux savoirs et comp\u00e9tences que l\u2019\u00e9cole devrait privil\u00e9gier lorsqu\u2019elle pr\u00e9pare les \u00e9l\u00e8ves \u00e0 leur vie future dans la soci\u00e9t\u00e9 apprenante de demain sont encore compliqu\u00e9es par la forte disparit\u00e9 des parcours et orientations que suivront plus tard ces \u00e9l\u00e8ves.<\/p>\n<\/blockquote>\n\n\n\n<p>Donc :<\/p>\n\n\n\n<blockquote class=\"wp-block-quote is-layout-flow wp-block-quote-is-layout-flow\">\n<p>Tous n\u2019embrasseront pas une carri\u00e8re dans le dynamique secteur de la \u00ab nouvelle \u00e9conomie \u00bb \u2013 en fait, la plupart ne le feront pas \u2013 de sorte que les programmes scolaires ne peuvent \u00eatre con\u00e7us comme si tous devaient aller loin.<\/p>\n<\/blockquote>\n\n\n\n<p>Du point de vue des acteurs de l\u2019OCDE le constat est rationnel : si l\u2019\u00e9conomie est \u00e0 ce point changeante, que les m\u00e9tiers et les comp\u00e9tences d\u2019aujourd\u2019hui ont peu de chance d\u2019\u00eatre ceux et celles de demain, il n\u2019est pas justifi\u00e9 pour l\u2019\u00e9cole de transmettre des savoirs qui ne seront pas mobilis\u00e9s dans la vie de l\u2019individu de la soci\u00e9t\u00e9 apprenante. Il vaut mieux investir sur l\u2019acquisition de comp\u00e9tences cl\u00e9s, hautement transf\u00e9rables dans la plus grande diversit\u00e9 possible de familles de t\u00e2ches.<\/p>\n\n\n\n<p>Je passe tr\u00e8s rapidement sur un deuxi\u00e8me grand acteur international qu\u2019est l\u2019UNESCO (UNESCO, 2019), grand promoteur de l\u2019approche par comp\u00e9tence, notamment en Afrique avec, comme on peut l\u2019imaginer de la part de l\u2019Unesco, une approche beaucoup plus humanitaire que celle de l\u2019OCDE. Elle a lanc\u00e9 tout r\u00e9cemment la Global Skill Academy un programme \u00e9ducatif massif pour am\u00e9liorer l\u2019employabilit\u00e9 et la r\u00e9silience (sous entendu, l\u2019adaptation aux changements climatiques) de 10 millions de personnes pour 2029.<\/p>\n\n\n\n<p>En France, l\u2019approche par comp\u00e9tence fait r\u00e9ellement son entr\u00e9e officielle avec la loi d\u2019orientation pour l\u2019avenir de l\u2019\u00e9cole du 23\/04\/2005 et l\u2019\u00e9tablissement de ce qu\u2019on appelle le socle commun de connaissances et du Haut Conseil de l\u2019\u00e9ducation (le pr\u00e9d\u00e9cesseur du Conseil Sup\u00e9rieur des programmes), charg\u00e9 d\u2019accompagner la mise en place du socle commun et d\u2019\u00e9valuer sa pratique (LOI n\u00b0 2005-380 du 23 avril 2005 d\u2019orientation et de programme pour l\u2019avenir de l\u2019\u00e9cole, 2005 ; Bautier et al., 2017).<\/p>\n\n\n\n<figure class=\"wp-block-image size-full is-resized\"><img decoding=\"async\" width=\"568\" height=\"202\" src=\"http:\/\/philtyprod.com\/testUP\/wp-content\/uploads\/2025\/03\/Image1.png\" alt=\"\" class=\"wp-image-1701\" style=\"width:586px;height:auto\" srcset=\"http:\/\/philtyprod.com\/testUP\/wp-content\/uploads\/2025\/03\/Image1.png 568w, http:\/\/philtyprod.com\/testUP\/wp-content\/uploads\/2025\/03\/Image1-300x107.png 300w\" sizes=\"(max-width: 568px) 100vw, 568px\" \/><\/figure>\n\n\n\n<p>En Afrique, \u00e0 la faveur de diff\u00e9rentes phases de transferts de politiques publiques de la France vers certains pays d\u2019Afrique de l\u2019Ouest et des programmes d\u2019aide de l\u2019Unesco, les notions d\u2019APC et de comp\u00e9tences structurent les r\u00e9formes curriculaires \u00e0 partir du d\u00e9but des ann\u00e9es 2000, en Mauritanie par exemple, mais aussi au S\u00e9n\u00e9gal, et nous en reparlerons tout \u00e0 l\u2019heure.<\/p>\n\n\n\n<p>Un tout petit point suppl\u00e9mentaire : 3 institutions scientifiques et d\u2019enseignement sup\u00e9rieur ont \u00e9t\u00e9 en t\u00eate de pont de la d\u00e9finition et de la promotion de l\u2019approche par comp\u00e9tence :<\/p>\n\n\n\n<ul class=\"wp-block-list\">\n<li>L\u2019Universit\u00e9 de Sherbrooke au Canada<\/li>\n\n\n\n<li>L\u2019Universit\u00e9 Catholique de Louvain-La-Neuve en Belgique<\/li>\n\n\n\n<li>L\u2019Institut Fran\u00e7ais de l\u2019Education \u00e0 Lyon<\/li>\n<\/ul>\n\n\n\n<h2 class=\"wp-block-heading\">L&rsquo;APC : b\u00e9havioriste ou constructiviste ? (g\u00e9n\u00e9alogie th\u00e9orique)<\/h2>\n\n\n\n<p>En ce qui concerne les origines th\u00e9oriques de l\u2019APC, c\u2019est beaucoup moins clair. Les d\u00e9bats sont toujours vifs aujourd\u2019hui, et peuvent se r\u00e9sumer ainsi : L\u2019APC est-elle d\u2019origine comportementaliste\/b\u00e9havioriste ou est-elle d\u2019origine constructiviste voire socioconstructivitste ? Evidemment les profondeurs du d\u00e9bat sont plus complexes et plus subtiles, mais je pense pouvoir vulgariser tout cela avec trois positions :<\/p>\n\n\n\n<h3 class=\"wp-block-heading\"><em>Les d\u00e9fenseurs de l&rsquo;APC : l&rsquo;APC est une philosophie \u00e9ducative constructiviste<\/em><\/h3>\n\n\n\n<p>En 1992, Jacque Tardif, \u00e0 l\u2019origine d\u2019une des d\u00e9finitions les plus c\u00e9l\u00e8bres de la comp\u00e9tence (on y vient), positionne la r\u00e9flexion sur le d\u00e9veloppement des comp\u00e9tences dans la formation professionnelle et dans l\u2019enseignement fondamental tr\u00e8s clairement dans lign\u00e9e du constructivisme et du socio-constructivisme (Tardif et al., 1992).<\/p>\n\n\n\n<p>Qu\u2019est-ce que le constructivisme ? Je le redis, je ne suis pas un expert, je vais vulgariser, et il faut garder en t\u00eate que c\u2019est tr\u00e8s r\u00e9sum\u00e9, qu\u2019il y a plusieurs constructivismes, une histoire de presque 1 si\u00e8cle, et beaucoup de figures associ\u00e9es.<\/p>\n\n\n\n<p>Le constructivisme p\u00e9dagogique estime que l\u2019appropriation des savoirs doit se faire par d\u00e9construction-reconstruction : c\u2019est-\u00e0-dire que l\u2019apprenant doit cheminer dans une histoire (m\u00eame un peu fantasm\u00e9e) des savoirs, se confronter \u00e0 des probl\u00e8mes fondamentaux, formuler des d\u00e9finitions, d\u00e9couvrir des propri\u00e9t\u00e9s, faire des erreurs pour d\u00e9construire les id\u00e9es pr\u00e9con\u00e7ues qu\u2019il pourrait avoir et reconstruire \u00e0 la place des savoirs solides, v\u00e9rifi\u00e9s et contextualis\u00e9s (Crahay, 2006; Hirtt, 2009).<\/p>\n\n\n\n<p>Par exemple : raconter la l\u00e9gende de Sissa pour aborder la notion de puissances en math\u00e9matiques (je vous laisse faire vos recherches, mais sachez que c\u2019est une histoire qui m\u2019est arriv\u00e9e en 4e et dont je me souviens encore).<\/p>\n\n\n\n<p>Le but d\u2019une p\u00e9dagogie constructiviste, c\u2019est donc bien l\u2019\u00e9mergence du ou des savoirs via le cheminement p\u00e9dagogique que l\u2019enseignant \u00e9labore. Je cite Nico Hirtt en 2009 :<\/p>\n\n\n\n<blockquote class=\"wp-block-quote is-layout-flow wp-block-quote-is-layout-flow\">\n<p>Pour l\u2019essentiel, le constructivisme p\u00e9dagogique affirme simplement, sur base d\u2019observations scientifiques, que les concepts s\u2019acqui\u00e8rent plus facilement et plus efficacement lorsque durant l\u2019apprentissage l\u2019\u00e9l\u00e8ve passe par un processus de (re)construction des savoirs, c\u2019est-\u00e0-dire, techniquement, par sa participation \u00e0 une d\u00e9marche hypoth\u00e9tico-d\u00e9ductive. La \u201cmise en situation de recherche\u201d, l\u2019activit\u00e9 de l\u2019\u00e9l\u00e8ve sur des \u00abchantiers de probl\u00e8mes\u00bb qui \u201cdonnent sens\u201d aux apprentissages, est plus efficace qu\u2019une d\u00e9marche exclusivement transmissive, d\u2019une part parce qu\u2019elle est source de motivation, d\u2019autre part et surtout parce que le va et vient de questionnements, de t\u00e2tonnements, d\u2019erreurs, d\u2019hypoth\u00e8ses qu\u2019elle engendre permet de progresser r\u00e9ellement dans la compr\u00e9hension. Il s\u2019agit en quelque sorte d\u2019amener l\u2019\u00e9l\u00e8ve \u00e0 parcourir \u00e0 son tour un processus identique ou similaire \u00e0 celui qui a vu \u00e9clore le savoir qu\u2019il \u00e9tudie (Hirtt, 2009).<\/p>\n<\/blockquote>\n\n\n\n<p>Pour aller encore un peu plus loin, le socio-constructivisme ajoute que le travail de reconstruction des savoirs s\u2019op\u00e8re dans des contextes sociaux et d\u2019interactions. A certains moment du processus \u00e9ducatif, il n\u2019y a pas de reconstruction possible sans interaction entre l\u2019\u00e9l\u00e8ve et l\u2019enseignant, mais aussi entre les \u00e9l\u00e8ves, et entre l\u2019\u00e9l\u00e8ve et son contexte social familial (Crahay, 2006).<\/p>\n\n\n\n<p>Dans ce cadre, l\u2019APC est une approche constructiviste en ce que la notion de comp\u00e9tence, dans sa d\u00e9finition est un concept dit \u201cint\u00e9grateur\u201d(Roegiers, 2010b), il prend en compte \u00e0 la fois les contenus, les activit\u00e9s \u00e0 exercer et les situations dans lesquelles s\u2019exercent ces activit\u00e9s. On retrouve effectivement un accent constructiviste et m\u00eame socio-constructiviste avec cette insistance pour la n\u00e9cessit\u00e9 de la contextualisation des contenus dans des activit\u00e9s et des situations.<\/p>\n\n\n\n<h3 class=\"wp-block-heading\"><em>Les contempteurs de l\u2019APC : L\u2019APC est une philosophie \u00e9ducative d\u2019inspiration b\u00e9havioriste<\/em><\/h3>\n\n\n\n<p>Du c\u00f4t\u00e9 des anti-APC on va plut\u00f4t mettre en \u00e9vidence une filiation intellectuelle entre b\u00e9haviorisme et la p\u00e9dagogie par objectif (PPO) qui en d\u00e9coule et l\u2019approche par comp\u00e9tence. Pour les anti, la comp\u00e9tence \u00e0 acqu\u00e9rir ressemble furieusement \u00e0 un objectif terminal de formation tel qu\u2019on l\u2019emploie dans le mouvement de la PPO. La PPO na\u00eet dans les ann\u00e9es 60, je cite Bernard en 2007, dans un papier au sujet de la mise en place de l\u2019APC en Mauritanie au d\u00e9but de ann\u00e9es 2000 :<\/p>\n\n\n\n<blockquote class=\"wp-block-quote is-layout-flow wp-block-quote-is-layout-flow\">\n<p>L\u2019APC est un mouvement de r\u00e9forme p\u00e9dagogique issu du comportementalisme et h\u00e9ritier de la \u201cp\u00e9dagogie par objectifs\u201d (PPO). L\u2019id\u00e9e est de proposer un apprentissage rationalis\u00e9. Les op\u00e9rations mentales de l\u2019enfant sont d\u00e9crites avec pr\u00e9cision, au moyen d\u2019un appareil conceptuel d\u00e9taill\u00e9. Elles sont mobilis\u00e9es par le ma\u00eetre en vue de construire des \u201ccomp\u00e9tences\u201d, c\u2019est a dire des r\u00e9ponses \u00e0 des \u201csituations\u201d, pour lesquelles l\u2019enfant emploie un ensemble complexe de ressources diverses, des savoirs et des savoir-faire (Bernard et al., 2007).<\/p>\n<\/blockquote>\n\n\n\n<p>Le b\u00e9haviorisme p\u00e9dagogique, \u00e0 l\u2019origine donc de la PPO, insiste sur l\u2019\u00e9tude des comportements observables de l\u2019\u00e9l\u00e8ve en situation, et fait du ma\u00eetre ou du tuteur un \u00e9valuateur en continu. Puisqu\u2019il n\u2019est pas possible d\u2019exposer et d\u2019expliciter ce qu\u2019il se passe dans la bo\u00eete noire de nos cerveaux, il faut se concentrer sur ce qu\u2019il en ressort, c\u2019est-\u00e0-dire les comportements. Le probl\u00e8me \u00e9tant que les comportements sont plastiques et ambigus, le b\u00e9haviorisme, aid\u00e9 en cela de la tradition tayloriste de division des t\u00e2ches dans le travail, va tenter de r\u00e9duire le nuancier des comportements en objets ou en s\u00e9quences plus simples \u00e0 \u00e9tudier et \u00e0 observer. Les r\u00e9f\u00e9rentiels de comp\u00e9tences professionnelles viennent l\u00e0, de m\u00eame que les diff\u00e9rentes taxonomies comportementales et cognitives comme la taxonomie de Bloom. On ajoute \u00e0 cela toute une ing\u00e9nierie de conditionnement : \u00e0 chaque comportement correspond un stimulus et un ou plusieurs effets, effets que l\u2019on va \u00e9valuer (positivement ou n\u00e9gativement selon ce qui est attendu) et renforcer ou affaiblir un comportement.<\/p>\n\n\n\n<p>Tout le travail du ma\u00eetre va consister \u00e0 d\u00e9finir au plus pr\u00e9cis les objectifs d\u2019apprentissages. L\u2019une des caract\u00e9ristiques sur laquelle je n\u2019ai pas insist\u00e9, mais qui ressort quand on lit les tenants de l\u2019APC, c\u2019est un certain d\u00e9tachement vis-\u00e0-vis de ce qu\u2019on nomme les savoirs ou les contenus d\u2019apprentissages. Les anti APC comme Marcel Crahay ou Nico Hirtt d\u00e9noncent le fait que dans l\u2019apprentissage fa\u00e7on APC, l\u2019acquisition des savoirs disciplinaires par exemple soit rel\u00e9gu\u00e9e au second plan par rapport au d\u00e9veloppement des comp\u00e9tences elles-m\u00eames. Les savoirs sont des instruments qui ne servent qu\u2019\u00e0 d\u00e9velopper des comp\u00e9tences mobilisables\u2026 quelque part (spoiler : au taf), tandis que du c\u00f4t\u00e9 du constructivisme, l\u2019apprentissage est au service du d\u00e9veloppement solide des savoirs pour eux-m\u00eames.<\/p>\n\n\n\n<p>C\u2019est cette rel\u00e9gation des savoirs au second plan, comme des outils permettant d\u2019acc\u00e9der, de d\u00e9velopper ou de construire ses comp\u00e9tences qui donne \u00e0 penser que malgr\u00e9 toute la bonne volont\u00e9 des promoteurs de l\u2019APC, elle reste, finalement, un avatar du b\u00e9haviorisme, voire carr\u00e9ment du taylorisme, et dans tous les cas une extension de la p\u00e9dagogie par objectif, en ce qu\u2019elle est utilitariste. Et je crois qu\u2019on ne peut pas reprocher les anti APC de le penser quand on lit le rapport de l\u2019OCDE, ou des p\u00e9dagogues comme Tardif qui insistent \u00e9norm\u00e9ment sur la dimension finaliste\/t\u00e9l\u00e9ologique du d\u00e9veloppement des comp\u00e9tence : l\u2019apprentissage et le travail de l\u2019\u00e9cole doit suivre une voie qui produit suffisamment de flexibilit\u00e9 dans le cadre finalement assez strict de l\u2019\u00e9conomie de march\u00e9. Et \u00e7a s\u2019appelle augmenter l\u2019employabilit\u00e9 des individus.<\/p>\n\n\n\n<p>La crainte des anti-APC comme Bernard, Hirtt ou Crahay, c\u2019est ni plus ni moins que la soumission de l\u2019\u00e9cole aux exigences patronales en ce que l\u2019\u00e9cole serait construite uniquement comme une pr\u00e9paration \u00e0 l\u2019entr\u00e9e dans le monde \u00e9conomique, et, encore une fois, cette crainte est l\u00e9gitime. Je vous parlais au d\u00e9but de la d\u00e9finition des situations dans lesquelles ces comp\u00e9tences doivent \u00eatre mobilis\u00e9es : c\u2019est ce me semble, l\u2019enjeu de tout ce d\u00e9bat. Comment sont-elles d\u00e9finies, qui dit o\u00f9, quand et comment les comp\u00e9tences doivent \u00eatre mobilis\u00e9es ? Les promoteurs comme les anti tombent d\u2019accord l\u00e0-dessus : ce sont des situations professionnelles et ces situations professionnelles sont d\u00e9finies par le march\u00e9 du travail dans une \u00e9conomie capitaliste (Tardif et al., 1992; Le Boterf, 1997; Crahay, 2006; Hirtt, 2009; Coulet, 2011). Pour les promoteurs, c\u2019est logique et c\u2019est ainsi qu\u2019on permettra au gens d\u2019occuper des emplois, pour les anti, cela revient \u00e0 soumettre l\u2019\u00e9cole aux exigences du march\u00e9 du travail dans une \u00e9conomie capitaliste en crise perp\u00e9tuelle incapable de faire face \u00e0 aux menaces existentielles que nous vivons aujourd\u2019hui, voire, qui s\u2019en nourrit.<\/p>\n\n\n\n<p>Ici, on entre dans le fond du d\u00e9bat, qui se trouve \u00eatre le plus passionnant et sur lequel, je pense tout le monde \u00e0 son opinion : c\u2019est quoi l\u2019objectif de l\u2019enseignement de mani\u00e8re g\u00e9n\u00e9rale, est-ce que c\u2019est pr\u00e9parer les individus \u00e0 entrer dans le march\u00e9 du travail ? Est-ce que c\u2019est pr\u00e9parer les individus \u00e0 s\u2019adapter aux crises qui s\u2019encha\u00eenent ? Est-ce que c\u2019est pr\u00e9parer les individus \u00e0 adapter les syst\u00e8mes humains aux crises futures (puisque de toute fa\u00e7on les humains vont devoir faire face \u00e0 des crises) ? Je caricature un peu en cr\u00e9ant de fausses oppositions (et l&rsquo;on pourrait me r\u00e9pondre que la question d\u2019assigner un ou des objectifs \u00e0 l\u2019enseignement n\u2019a pas de sens, que voulez-vous je suis matrix\u00e9), mais les missions de l\u2019\u00e9ducation sont de cet ordre, elle peuvent aider \u00e0 perp\u00e9tuer des fonctionnements ou \u00e0 les modifier, \u00e0 l\u2019\u00e9chelle du monde.<\/p>\n\n\n\n<h3 class=\"wp-block-heading\"><em>Les dubitatifs de l\u2019APC : L\u2019APC est les deux, elle est m\u00eame plurielle, voire, elle est ce que vous voulez qu\u2019elle soit<\/em><\/h3>\n\n\n\n<p>Troisi\u00e8me position, l\u00e0 encore injustement caricatur\u00e9e par moi, c\u2019est celle avec laquelle j&rsquo;\u00e9tais le plus en accord en janvier 2025, et c\u2019est aussi (et cela reste), selon moi, la plus d\u00e9vastatrice pour l\u2019approche par comp\u00e9tence.<\/p>\n\n\n\n<p>Elle se r\u00e9sume ainsi : l\u2019approche par comp\u00e9tence n\u2019a pas d\u2019assise th\u00e9orique solide, les interpr\u00e9tations constructivistes et b\u00e9havioristes sont valables (Anderson-Levitt, 2017; Anderson-Levitt et al., 2017; Bautier et al., 2017; Paddeu &amp; Veneau, 2017).<\/p>\n\n\n\n<p>Ces r\u00e9flexions sont g\u00e9n\u00e9ralement fruit d\u2019anthropologues assez ext\u00e9rieurs aux diff\u00e9rents d\u00e9bats qui agitent les p\u00e9dagogues. Ces derniers font \u00e9tat d\u2019une double filiation de l\u2019approche par comp\u00e9tence, et m\u00eame d\u2019une triple filiation, et pourquoi d\u2019une quadruple filiation, bref, d\u2019un important flou th\u00e9orique.<\/p>\n\n\n\n<p>D\u2019une part, oui, l\u2019APC est d\u2019origine b\u00e9havioriste, il y a bien une filiation entre la p\u00e9dagogie par objectif et l\u2019approche par comp\u00e9tence et on peut consid\u00e9rer cette derni\u00e8re comme une extension de la premi\u00e8re. Le probl\u00e8me \u00e9tant que cette p\u00e9dagogie n\u2019est plus \u00e0 la mode, et qu\u2019il faut se d\u00e9barrasser de l\u2019\u00e9tiquette, mais l\u2019origine professionnelle de l\u2019APC, la rel\u00e9gation des savoirs au profit du d\u00e9veloppement de comp\u00e9tences qui sont \u00e9valu\u00e9es avec les outils de comportementalisme, oui, \u00e7a marche.<\/p>\n\n\n\n<p>Mais d\u2019autre part, oui, d\u2019authentiques tenants du constructivisme et du socio-constructivisme, ainsi que quantit\u00e9 d\u2019autres mouvements comme certains cognitivistes dont je ne parlerai pas aujourd\u2019hui(voir le 3\/3), ont d\u00e9fendu l\u2019approche par comp\u00e9tence avec des arguments tout \u00e0 fait l\u00e9gitimes : l\u2019approche par comp\u00e9tence met au centre non plus les savoirs mais les apprenants, elle int\u00e8gre tr\u00e8s facilement des m\u00e9thodes p\u00e9dagogiques innovantes, participationnistes et fond\u00e9es sur l\u2019activit\u00e9s de l\u2019apprenant, et favorisent le bien-\u00eatre en classe, la motivation, la r\u00e9tention et la transf\u00e9rabilit\u00e9 (Roegiers, 2010b; Bautier et al., 2017).<\/p>\n\n\n\n<p>Et tout cela est vrai, le socle de connaissance de la loi d\u2019orientation pour l\u2019avenir de l\u2019\u00e9cole du 23 avril 2005 a par exemple \u00e9t\u00e9 soutenue autant par des promoteurs des p\u00e9dagogies dites progressistes (donc fond\u00e9es sur le constructivisme et le socio-constructivisme) comme des syndicats de gauche, la Ligue de l\u2019enseignement qui y voyaient une \u201cpromesse d\u00e9mocratique\u201d pour \u201ctransformer l\u2019Ecole-machine \u00e0 trier en une \u00e9cole de l\u2019\u00e9mancipation\u201d (Bautier et al., 2017) que par des conservateurs p\u00e9dagogiques qui ont vu dans la notion de socle commun de connaissances et de comp\u00e9tences une opportunit\u00e9 pour graver dans le marbre un retour aux fondamentaux, le \u201cback to basics\u201d qui d\u00e9nonce les p\u00e9dagogies plus horizontales, toutes les \u00e9ducations \u00e0 \u201cla sexualit\u00e9, l\u2019\u00e9ducation aux m\u00e9dias, la citoyennet\u00e9\u2026\u201d et promeut le \u201csavoir lire-\u00e9crire-compter\u201d (Anderson-Levitt et al., 2017).<\/p>\n\n\n\n<p>De m\u00eame, le danger de voir les milieux patronaux mettre la haute main sur les programme scolaires et universitaires n\u2019a pas \u00e9t\u00e9 soulign\u00e9 que par des anti-APC parano\u00efaques ou gauchistes, Roegiers lui-m\u00eame, un des principaux promoteurs et th\u00e9oriciens cons\u00e9quents de l\u2019approche par comp\u00e9tence et des p\u00e9dagogies int\u00e9gratives est absolument clair sur ce point, je le cite :<\/p>\n\n\n\n<blockquote class=\"wp-block-quote is-layout-flow wp-block-quote-is-layout-flow\">\n<p>Nous nous situons d\u00e8s lors en rupture tr\u00e8s claire avec la conception g\u00e9n\u00e9ralement admise dans le monde professionnel, dans laquelle la comp\u00e9tence est essentiellement au service de l\u2019entreprise, et o\u00f9 elle est vue comme une fonction de production, en vue d\u2019une obligation de r\u00e9sultat (Roegiers, 2010a).<\/p>\n<\/blockquote>\n\n\n\n<p>Et un peu plus loin, au sujet de l\u2019approche par comp\u00e9tence au sein du secondaire et dans le sup\u00e9rieur :<\/p>\n\n\n\n<blockquote class=\"wp-block-quote is-layout-flow wp-block-quote-is-layout-flow\">\n<p>Et c\u2019est l\u00e0 probablement le caract\u00e8re limitatif de la comp\u00e9tence dans l\u2019enseignement secondaire et sup\u00e9rieur. C\u2019est que l\u2019on voit mal comment on pourrait y d\u00e9velopper exclusivement des comp\u00e9tences, ce qui d\u00e9boucherait sans doute sur un enseignement utilitariste, professionnalisant \u00e0 outrance (Roegiers, 2010a).<\/p>\n<\/blockquote>\n\n\n\n<p>Pour les dubitatifs, l\u2019approche par comp\u00e9tence, par les effets concrets qu\u2019elle produit, et notamment par la diversit\u00e9 assez extr\u00eame de ses soutiens qui vont de la gauche radicale \u00e0 l\u2019extr\u00eame droite, tend \u00e0 montrer qu\u2019elle n\u2019est peut-\u00eatre pas th\u00e9oriquement stabilis\u00e9e, pas suffisamment structur\u00e9e, pas claire dans ses distinctions conceptuelles, voire, m\u00eame carr\u00e9ment frapp\u00e9e du sceau de l\u2019incoh\u00e9rence conceptuelle et de l\u2019autocontradiction. C\u2019est en ce sens que je pense que cette position est plus d\u00e9vastatrice pour l\u2019approche par comp\u00e9tence que celle qui la voit comme un pur avatar des psychologies b\u00e9havioristes parce qu\u2019elle peut se r\u00e9sumer \u00e0 des postures qui ne sont pas suivi d\u2019effets, parce qu\u2019on peut \u201cfaire avec, tant que le travail est bien fait, personne ne viendra nous emb\u00eater\u201d.<\/p>\n\n\n\n<figure class=\"wp-block-image size-large is-resized\"><img decoding=\"async\" width=\"1024\" height=\"786\" src=\"http:\/\/philtyprod.com\/testUP\/wp-content\/uploads\/2025\/03\/APC_JNF2025-1-1-1024x786.png\" alt=\"\" class=\"wp-image-1705\" style=\"width:526px;height:auto\" srcset=\"http:\/\/philtyprod.com\/testUP\/wp-content\/uploads\/2025\/03\/APC_JNF2025-1-1-1024x786.png 1024w, http:\/\/philtyprod.com\/testUP\/wp-content\/uploads\/2025\/03\/APC_JNF2025-1-1-300x230.png 300w, http:\/\/philtyprod.com\/testUP\/wp-content\/uploads\/2025\/03\/APC_JNF2025-1-1-768x590.png 768w, http:\/\/philtyprod.com\/testUP\/wp-content\/uploads\/2025\/03\/APC_JNF2025-1-1-1536x1179.png 1536w, http:\/\/philtyprod.com\/testUP\/wp-content\/uploads\/2025\/03\/APC_JNF2025-1-1-2048x1573.png 2048w\" sizes=\"(max-width: 1024px) 100vw, 1024px\" \/><\/figure>\n\n\n\n<p class=\"has-medium-font-size\"><strong>La suite <a href=\"http:\/\/philtyprod.com\/testUP\/ce-que-ne-nous-disent-pas-lesapproches-par-competences-sur-lapprenant-critiques-2-3\/\">ici<\/a><\/strong><\/p>\n\n\n\n<p><\/p>\n","protected":false},"excerpt":{"rendered":"<p>Cette s\u00e9rie de trois articles reprend une mini-conf\u00e9rence donn\u00e9e \u00e0 l&rsquo;occasion des Journ\u00e9es Nationales des Formateurs de Nanterre, fin janvier<\/p>\n","protected":false},"author":6,"featured_media":1709,"comment_status":"open","ping_status":"closed","sticky":false,"template":"","format":"standard","meta":{"colormag_page_layout":"default_layout","_price":"","_stock":"","_tribe_ticket_header":"","_tribe_default_ticket_provider":"","_tribe_ticket_capacity":"0","_ticket_start_date":"","_ticket_end_date":"","_tribe_ticket_show_description":"","_tribe_ticket_show_not_going":false,"_tribe_ticket_use_global_stock":"","_tribe_ticket_global_stock_level":"","_global_stock_mode":"","_global_stock_cap":"","_tribe_rsvp_for_event":"","_tribe_ticket_going_count":"","_tribe_ticket_not_going_count":"","_tribe_tickets_list":"[]","_tribe_ticket_has_attendee_info_fields":false,"footnotes":""},"categories":[21],"tags":[279,140,105],"class_list":["post-1682","post","type-post","status-publish","format-standard","has-post-thumbnail","hentry","category-journees-professionnelles","tag-apc","tag-jnf","tag-pedagogie"],"magazineBlocksPostFeaturedMedia":{"thumbnail":"http:\/\/philtyprod.com\/testUP\/wp-content\/uploads\/2025\/03\/APC_JNF20252-150x150.png","medium":"http:\/\/philtyprod.com\/testUP\/wp-content\/uploads\/2025\/03\/APC_JNF20252-300x105.png","medium_large":"http:\/\/philtyprod.com\/testUP\/wp-content\/uploads\/2025\/03\/APC_JNF20252-768x269.png","large":"http:\/\/philtyprod.com\/testUP\/wp-content\/uploads\/2025\/03\/APC_JNF20252.png","1536x1536":"http:\/\/philtyprod.com\/testUP\/wp-content\/uploads\/2025\/03\/APC_JNF20252.png","2048x2048":"http:\/\/philtyprod.com\/testUP\/wp-content\/uploads\/2025\/03\/APC_JNF20252.png","colormag-highlighted-post":"http:\/\/philtyprod.com\/testUP\/wp-content\/uploads\/2025\/03\/APC_JNF20252-392x271.png","colormag-featured-post-medium":"http:\/\/philtyprod.com\/testUP\/wp-content\/uploads\/2025\/03\/APC_JNF20252-390x205.png","colormag-featured-post-small":"http:\/\/philtyprod.com\/testUP\/wp-content\/uploads\/2025\/03\/APC_JNF20252-130x90.png","colormag-featured-image":"http:\/\/philtyprod.com\/testUP\/wp-content\/uploads\/2025\/03\/APC_JNF20252.png","colormag-default-news":"http:\/\/philtyprod.com\/testUP\/wp-content\/uploads\/2025\/03\/APC_JNF20252-150x150.png","colormag-featured-image-large":"http:\/\/philtyprod.com\/testUP\/wp-content\/uploads\/2025\/03\/APC_JNF20252.png","colormag-elementor-block-extra-large-thumbnail":"http:\/\/philtyprod.com\/testUP\/wp-content\/uploads\/2025\/03\/APC_JNF20252.png","colormag-elementor-grid-large-thumbnail":"http:\/\/philtyprod.com\/testUP\/wp-content\/uploads\/2025\/03\/APC_JNF20252-600x271.png","colormag-elementor-grid-small-thumbnail":"http:\/\/philtyprod.com\/testUP\/wp-content\/uploads\/2025\/03\/APC_JNF20252-285x271.png","colormag-elementor-grid-medium-large-thumbnail":"http:\/\/philtyprod.com\/testUP\/wp-content\/uploads\/2025\/03\/APC_JNF20252-575x198.png"},"magazineBlocksPostAuthor":{"name":"Samuel Jamet","avatar":"https:\/\/secure.gravatar.com\/avatar\/25c00873360fc6263fd87a0ef180618777fbe94ce9a283bfb16b9abd1e2e05ec?s=96&d=robohash&r=g"},"magazineBlocksPostCommentsNumber":"0","magazineBlocksPostExcerpt":"Cette s\u00e9rie de trois articles reprend une mini-conf\u00e9rence donn\u00e9e \u00e0 l&rsquo;occasion des Journ\u00e9es Nationales des Formateurs de Nanterre, fin janvier","magazineBlocksPostCategories":["Journ\u00e9es professionnelles"],"magazineBlocksPostViewCount":333,"magazineBlocksPostReadTime":25,"magazine_blocks_featured_image_url":{"full":["http:\/\/philtyprod.com\/testUP\/wp-content\/uploads\/2025\/03\/APC_JNF20252.png",774,271,false],"medium":["http:\/\/philtyprod.com\/testUP\/wp-content\/uploads\/2025\/03\/APC_JNF20252-300x105.png",300,105,true],"thumbnail":["http:\/\/philtyprod.com\/testUP\/wp-content\/uploads\/2025\/03\/APC_JNF20252-150x150.png",150,150,true]},"magazine_blocks_author":{"display_name":"Samuel Jamet","author_link":"http:\/\/philtyprod.com\/testUP\/author\/samuel-jamet\/"},"magazine_blocks_comment":0,"magazine_blocks_author_image":"https:\/\/secure.gravatar.com\/avatar\/25c00873360fc6263fd87a0ef180618777fbe94ce9a283bfb16b9abd1e2e05ec?s=96&d=robohash&r=g","magazine_blocks_category":"<a href=\"http:\/\/philtyprod.com\/testUP\/category\/journees-professionnelles\/\" rel=\"category tag\">Journ\u00e9es professionnelles<\/a>","_links":{"self":[{"href":"http:\/\/philtyprod.com\/testUP\/wp-json\/wp\/v2\/posts\/1682","targetHints":{"allow":["GET"]}}],"collection":[{"href":"http:\/\/philtyprod.com\/testUP\/wp-json\/wp\/v2\/posts"}],"about":[{"href":"http:\/\/philtyprod.com\/testUP\/wp-json\/wp\/v2\/types\/post"}],"author":[{"embeddable":true,"href":"http:\/\/philtyprod.com\/testUP\/wp-json\/wp\/v2\/users\/6"}],"replies":[{"embeddable":true,"href":"http:\/\/philtyprod.com\/testUP\/wp-json\/wp\/v2\/comments?post=1682"}],"version-history":[{"count":26,"href":"http:\/\/philtyprod.com\/testUP\/wp-json\/wp\/v2\/posts\/1682\/revisions"}],"predecessor-version":[{"id":1769,"href":"http:\/\/philtyprod.com\/testUP\/wp-json\/wp\/v2\/posts\/1682\/revisions\/1769"}],"wp:featuredmedia":[{"embeddable":true,"href":"http:\/\/philtyprod.com\/testUP\/wp-json\/wp\/v2\/media\/1709"}],"wp:attachment":[{"href":"http:\/\/philtyprod.com\/testUP\/wp-json\/wp\/v2\/media?parent=1682"}],"wp:term":[{"taxonomy":"category","embeddable":true,"href":"http:\/\/philtyprod.com\/testUP\/wp-json\/wp\/v2\/categories?post=1682"},{"taxonomy":"post_tag","embeddable":true,"href":"http:\/\/philtyprod.com\/testUP\/wp-json\/wp\/v2\/tags?post=1682"}],"curies":[{"name":"wp","href":"https:\/\/api.w.org\/{rel}","templated":true}]}}