{"id":1600,"date":"2025-02-21T18:11:34","date_gmt":"2025-02-21T17:11:34","guid":{"rendered":"http:\/\/philtyprod.com\/testUP\/?p=1600"},"modified":"2025-02-21T18:11:35","modified_gmt":"2025-02-21T17:11:35","slug":"la-veille-delodie-janvier-2025","status":"publish","type":"post","link":"http:\/\/philtyprod.com\/testUP\/la-veille-delodie-janvier-2025\/","title":{"rendered":"La veille d&rsquo;Elodie &#8211; Janvier 2025"},"content":{"rendered":"\n<p><\/p>\n\n\n\n<h2 class=\"wp-block-heading\">Actualit\u00e9 des outils&nbsp;<\/h2>\n\n\n\n<p><strong>Digidesign de La Digitale\u00a0<\/strong><\/p>\n\n\n\n<p>Une application de cr\u00e9ation graphique de type Canva libre, gratuite et respectueuses de vos donn\u00e9es personnelles ? C\u2019est possible avec Digidesign de La Digitale, un site r\u00e9alis\u00e9 par Emmanuel Zimmert qui propose des outils num\u00e9riques libres pour les enseignantes et les enseignants. <a href=\"https:\/\/youtu.be\/fDFHBji8uZY\" target=\"_blank\" rel=\"noreferrer noopener\">Voir le tuto vid\u00e9o<\/a> de Johann Nallet, professeur de coll\u00e8ge et r\u00e9f\u00e9rent num\u00e9rique d\u00e9partemental (rep\u00e9r\u00e9 sur La Veille de G\u00e9rald)\u00a0<\/p>\n\n\n\n<h2 class=\"wp-block-heading\">P\u00e9dagogie&nbsp;<\/h2>\n\n\n\n<p><strong>28 Ways to Quickly Check for Understanding<\/strong>\u00a0<\/p>\n\n\n\n<p>Le site Edutopia recense 28 astuces pour v\u00e9rifier rapidement la compr\u00e9hension (<a href=\"https:\/\/www.edutopia.org\/article\/quick-ways-to-check-for-understanding\/\" target=\"_blank\" rel=\"noreferrer noopener\">voir<\/a>). L\u2019une d\u2019entre elles a particuli\u00e8rement retenu l\u2019attention de G\u00e9rald Tirot sur son blog \u00ab La veille de G\u00e9rald \u00bb : \u00ab Tweet it \u00bb qui consiste \u00e0 demander aux \u00e9l\u00e8ves de r\u00e9sumer un point de la le\u00e7on en 280 caract\u00e8res (<a href=\"https:\/\/laveilledegerald.wordpress.com\/2025\/01\/06\/la-veille-de-gerald-83\/\" target=\"_blank\" rel=\"noreferrer noopener\">voir<\/a>).&nbsp;<\/p>\n\n\n\n<h2 class=\"wp-block-heading\">Intelligence Artificielle (IA)&nbsp;<\/h2>\n\n\n\n<p><strong>Des supports de formation pour former \u00e0 l\u2019IA \u00a0<\/strong><\/p>\n\n\n\n<p>\u00ab L\u2019Atelier du formateur \u00bb propose une s\u00e9lection de 3 ressources pour (se) former \u00e0 l\u2019IA. <a href=\"https:\/\/latelierduformateur.fr\/des-supports-de-formation-pour-former-a-lia\/\" target=\"_blank\" rel=\"noreferrer noopener\">Voir<\/a>&nbsp;<\/p>\n\n\n\n<p><strong>Learning about information retrieval and \u00ab\u00a0AI search\u00a0\u00bb in 2025\u00a0<\/strong><\/p>\n\n\n\n<p>Le biblioth\u00e9caire Aaron Tay propose une conf\u00e9rence d\u2019une heure en vid\u00e9o sur la fa\u00e7on dont l\u2019IA change la recherche acad\u00e9mique. <a href=\"http:\/\/musingsaboutlibrarianship.blogspot.com\/2025\/01\/learning-about-information-retrieval.html\" target=\"_blank\" rel=\"noreferrer noopener\">Voir<\/a>&nbsp;&nbsp;<\/p>\n\n\n\n<p><strong>IA et droit d\u2019auteur\u00a0\u00a0<\/strong><\/p>\n\n\n\n<p>Tout savoir sur l\u2019IA et le droit d\u2019auteur et notamment sur la production de ressources p\u00e9dagogiques avec l\u2019IA gr\u00e2ce \u00e0 Clara Zlotykamien, experte en droit de la propri\u00e9t\u00e9 intellectuelle. <a href=\"https:\/\/sydologie.com\/2025\/01\/la-production-outils-pedagogiques-lia-et-le-droit-dauteur\/\" target=\"_blank\" rel=\"noreferrer noopener\">Voir<\/a>&nbsp;<\/p>\n\n\n\n<p><strong>Quelle place pour ChatGPT dans le R\u00e9f\u00e9rentiel des comp\u00e9tences informationnelles en enseignement sup\u00e9rieur ? Les possibilit\u00e9s et les probl\u00e8mes de l\u2019IA dans la formation en biblioth\u00e8que\u00a0<\/strong><\/p>\n\n\n\n<p>Quatre biblioth\u00e9caires qu\u00e9b\u00e9cois du groupe de travail \u201cPromotion du d\u00e9veloppement des comp\u00e9tences informationnelles\u201d (GT-PDCI) ont traduit en fran\u00e7ais un article publi\u00e9 en 2023 dans <em>College &amp; Research Libraries <\/em>sur les opportunit\u00e9s et les risques de l\u2019int\u00e9gration de l\u2019IA g\u00e9n\u00e9rative aux comp\u00e9tences informationnelles. Ils ont \u00e9galement transpos\u00e9 cet article sous forme d\u2019infographie. <a href=\"https:\/\/tribuneci.wordpress.com\/2025\/01\/16\/intelligence-artificielle-et-referentiel-de-competences-informationnelles-en-enseignement-superieur\/\" target=\"_blank\" rel=\"noreferrer noopener\">Lire<\/a>\u00a0<\/p>\n\n\n\n<h2 class=\"wp-block-heading\">Quoi de neuf sur Zenodo ?&nbsp;<\/h2>\n\n\n\n<p><strong>First steps with Zotero\u00a0\u00a0<\/strong>Chaque mois, Elodie partage sa veille pro avec vous.<\/p>\n\n\n\n<p>Damien Belv\u00e8ze de l\u2019Universit\u00e9 de Rennes propose un guide d\u2019introduction \u00e0 Zotero en anglais. <a href=\"https:\/\/doi.org\/10.5281\/zenodo.14680384\" target=\"_blank\" rel=\"noreferrer noopener\">Voir<\/a>&nbsp;<\/p>\n\n\n\n<p><strong>Atelier JNF 2025 &#8211; Anki, le logiciel open source qui permet de tout apprendre\u00a0<\/strong><\/p>\n\n\n\n<p>Restitution d\u2019un atelier pr\u00e9sent\u00e9 par Elise Breton lors des Journ\u00e9es nationales des formateurs en biblioth\u00e8que \u00e0 l&rsquo;Universit\u00e9 Paris Nanterre sur Anki, un logiciel qui fait fonction d\u2019assistant d\u2019apprentissage pour la m\u00e9morisation \u00e0 long terme des connaissances. <a href=\"https:\/\/doi.org\/10.5281\/zenodo.14851277\" target=\"_blank\" rel=\"noreferrer noopener\">Voir<\/a>\u00a0<\/p>\n\n\n\n<p><strong>Les obligations ANR en mati\u00e8re de science ouverte\u00a0<\/strong>\u00a0<\/p>\n\n\n\n<p>Un support de cours de Marie Latour qui pr\u00e9sente les obligations qui s&rsquo;appliquent aux chercheurs et aux \u00e9quipes de recherche en termes de science ouverte dans le cadre de projets financ\u00e9s par des programmes ANR (Agence Nationale de la Recherche). <a href=\"https:\/\/doi.org\/10.5281\/zenodo.14775999\" target=\"_blank\" rel=\"noreferrer noopener\">Voir<\/a>&nbsp;<\/p>\n\n\n\n<p><\/p>\n","protected":false},"excerpt":{"rendered":"<p>Chaque mois, Elodie partage sa veille pro avec vous.<\/p>\n","protected":false},"author":3,"featured_media":1609,"comment_status":"open","ping_status":"closed","sticky":false,"template":"","format":"standard","meta":{"colormag_page_layout":"default_layout","_price":"","_stock":"","_tribe_ticket_header":"","_tribe_default_ticket_provider":"","_tribe_ticket_capacity":"0","_ticket_start_date":"","_ticket_end_date":"","_tribe_ticket_show_description":"","_tribe_ticket_show_not_going":false,"_tribe_ticket_use_global_stock":"","_tribe_ticket_global_stock_level":"","_global_stock_mode":"","_global_stock_cap":"","_tribe_rsvp_for_event":"","_tribe_ticket_going_count":"","_tribe_ticket_not_going_count":"","_tribe_tickets_list":"[]","_tribe_ticket_has_attendee_info_fields":false,"footnotes":""},"categories":[18],"tags":[272,270,271,88,133,105,107,113],"class_list":["post-1600","post","type-post","status-publish","format-standard","has-post-thumbnail","hentry","category-veille-professionnelle","tag-anki","tag-creation-graphique","tag-digidesign","tag-droit-dauteur","tag-ia","tag-pedagogie","tag-science-ouverte","tag-zotero"],"magazineBlocksPostFeaturedMedia":{"thumbnail":"http:\/\/philtyprod.com\/testUP\/wp-content\/uploads\/2025\/02\/janvier_Penfield-150x150.jpg","medium":"http:\/\/philtyprod.com\/testUP\/wp-content\/uploads\/2025\/02\/janvier_Penfield-286x300.jpg","medium_large":"http:\/\/philtyprod.com\/testUP\/wp-content\/uploads\/2025\/02\/janvier_Penfield.jpg","large":"http:\/\/philtyprod.com\/testUP\/wp-content\/uploads\/2025\/02\/janvier_Penfield.jpg","1536x1536":"http:\/\/philtyprod.com\/testUP\/wp-content\/uploads\/2025\/02\/janvier_Penfield.jpg","2048x2048":"http:\/\/philtyprod.com\/testUP\/wp-content\/uploads\/2025\/02\/janvier_Penfield.jpg","colormag-highlighted-post":"http:\/\/philtyprod.com\/testUP\/wp-content\/uploads\/2025\/02\/janvier_Penfield-350x272.jpg","colormag-featured-post-medium":"http:\/\/philtyprod.com\/testUP\/wp-content\/uploads\/2025\/02\/janvier_Penfield-350x205.jpg","colormag-featured-post-small":"http:\/\/philtyprod.com\/testUP\/wp-content\/uploads\/2025\/02\/janvier_Penfield-130x90.jpg","colormag-featured-image":"http:\/\/philtyprod.com\/testUP\/wp-content\/uploads\/2025\/02\/janvier_Penfield.jpg","colormag-default-news":"http:\/\/philtyprod.com\/testUP\/wp-content\/uploads\/2025\/02\/janvier_Penfield-150x150.jpg","colormag-featured-image-large":"http:\/\/philtyprod.com\/testUP\/wp-content\/uploads\/2025\/02\/janvier_Penfield.jpg","colormag-elementor-block-extra-large-thumbnail":"http:\/\/philtyprod.com\/testUP\/wp-content\/uploads\/2025\/02\/janvier_Penfield.jpg","colormag-elementor-grid-large-thumbnail":"http:\/\/philtyprod.com\/testUP\/wp-content\/uploads\/2025\/02\/janvier_Penfield.jpg","colormag-elementor-grid-small-thumbnail":"http:\/\/philtyprod.com\/testUP\/wp-content\/uploads\/2025\/02\/janvier_Penfield-285x367.jpg","colormag-elementor-grid-medium-large-thumbnail":"http:\/\/philtyprod.com\/testUP\/wp-content\/uploads\/2025\/02\/janvier_Penfield-350x198.jpg"},"magazineBlocksPostAuthor":{"name":"Elodie Willemin","avatar":"https:\/\/secure.gravatar.com\/avatar\/904d04c5bc3f44e6a1ebbf76d9d9ec40f3d7ef0e6cfef961fbafd66615f0a57b?s=96&d=robohash&r=g"},"magazineBlocksPostCommentsNumber":"0","magazineBlocksPostExcerpt":"Chaque mois, Elodie partage sa veille pro avec vous.","magazineBlocksPostCategories":["Veille professionnelle"],"magazineBlocksPostViewCount":302,"magazineBlocksPostReadTime":3,"magazine_blocks_featured_image_url":{"full":["http:\/\/philtyprod.com\/testUP\/wp-content\/uploads\/2025\/02\/janvier_Penfield.jpg",350,367,false],"medium":["http:\/\/philtyprod.com\/testUP\/wp-content\/uploads\/2025\/02\/janvier_Penfield-286x300.jpg",286,300,true],"thumbnail":["http:\/\/philtyprod.com\/testUP\/wp-content\/uploads\/2025\/02\/janvier_Penfield-150x150.jpg",150,150,true]},"magazine_blocks_author":{"display_name":"Elodie Willemin","author_link":"http:\/\/philtyprod.com\/testUP\/author\/elodie-willemin\/"},"magazine_blocks_comment":0,"magazine_blocks_author_image":"https:\/\/secure.gravatar.com\/avatar\/904d04c5bc3f44e6a1ebbf76d9d9ec40f3d7ef0e6cfef961fbafd66615f0a57b?s=96&d=robohash&r=g","magazine_blocks_category":"<a href=\"http:\/\/philtyprod.com\/testUP\/category\/veille-professionnelle\/\" rel=\"category tag\">Veille professionnelle<\/a>","_links":{"self":[{"href":"http:\/\/philtyprod.com\/testUP\/wp-json\/wp\/v2\/posts\/1600","targetHints":{"allow":["GET"]}}],"collection":[{"href":"http:\/\/philtyprod.com\/testUP\/wp-json\/wp\/v2\/posts"}],"about":[{"href":"http:\/\/philtyprod.com\/testUP\/wp-json\/wp\/v2\/types\/post"}],"author":[{"embeddable":true,"href":"http:\/\/philtyprod.com\/testUP\/wp-json\/wp\/v2\/users\/3"}],"replies":[{"embeddable":true,"href":"http:\/\/philtyprod.com\/testUP\/wp-json\/wp\/v2\/comments?post=1600"}],"version-history":[{"count":5,"href":"http:\/\/philtyprod.com\/testUP\/wp-json\/wp\/v2\/posts\/1600\/revisions"}],"predecessor-version":[{"id":1610,"href":"http:\/\/philtyprod.com\/testUP\/wp-json\/wp\/v2\/posts\/1600\/revisions\/1610"}],"wp:featuredmedia":[{"embeddable":true,"href":"http:\/\/philtyprod.com\/testUP\/wp-json\/wp\/v2\/media\/1609"}],"wp:attachment":[{"href":"http:\/\/philtyprod.com\/testUP\/wp-json\/wp\/v2\/media?parent=1600"}],"wp:term":[{"taxonomy":"category","embeddable":true,"href":"http:\/\/philtyprod.com\/testUP\/wp-json\/wp\/v2\/categories?post=1600"},{"taxonomy":"post_tag","embeddable":true,"href":"http:\/\/philtyprod.com\/testUP\/wp-json\/wp\/v2\/tags?post=1600"}],"curies":[{"name":"wp","href":"https:\/\/api.w.org\/{rel}","templated":true}]}}