{"id":1393,"date":"2024-05-31T10:25:22","date_gmt":"2024-05-31T08:25:22","guid":{"rendered":"http:\/\/philtyprod.com\/testUP\/?p=1393"},"modified":"2024-05-31T10:25:24","modified_gmt":"2024-05-31T08:25:24","slug":"journee-detude-formabib-2024-et-si-bibliothecaires-formateurs-2048","status":"publish","type":"post","link":"http:\/\/philtyprod.com\/testUP\/journee-detude-formabib-2024-et-si-bibliothecaires-formateurs-2048\/","title":{"rendered":"Journ\u00e9e d&rsquo;\u00e9tude Formabib 2024 : Et si&#8230; Biblioth\u00e9caires formateurs 2048"},"content":{"rendered":"\n<figure class=\"wp-block-image alignleft size-large\"><img fetchpriority=\"high\" decoding=\"async\" width=\"364\" height=\"1024\" src=\"http:\/\/philtyprod.com\/testUP\/wp-content\/uploads\/2024\/05\/8ld4uy-364x1024.jpg\" alt=\"\" class=\"wp-image-1394\" srcset=\"http:\/\/philtyprod.com\/testUP\/wp-content\/uploads\/2024\/05\/8ld4uy-364x1024.jpg 364w, http:\/\/philtyprod.com\/testUP\/wp-content\/uploads\/2024\/05\/8ld4uy-107x300.jpg 107w, http:\/\/philtyprod.com\/testUP\/wp-content\/uploads\/2024\/05\/8ld4uy.jpg 500w\" sizes=\"(max-width: 364px) 100vw, 364px\" \/><\/figure>\n\n\n\n<p>     Et si on r\u00e9fl\u00e9chissait ensemble \u00e0 ce que sera notre m\u00e9tier de biblioth\u00e9caire-formateur en 2048, au prisme des probl\u00e9matiques \u00e9cologiques et num\u00e9riques ? Et si on pouvait d\u2019ores et d\u00e9j\u00e0 imaginer les biblioth\u00e8ques du futur et notre r\u00f4le en tant que professionnels de l&rsquo;enseignement sup\u00e9rieur ?<\/p>\n\n\n\n<p><br>     Et si on interrogeait les transformations de la soci\u00e9t\u00e9 de l&rsquo;information et leur impact sur le m\u00e9tier de biblioth\u00e9caire-formateur dans les 30 prochaines ann\u00e9es ? Et si on interrogeait les comp\u00e9tences et les outils n\u00e9cessaires pour accompagner au mieux nos publics dans un environnement en constante \u00e9volution ?<\/p>\n\n\n\n<p><br>     Et si on pouvait mettre en place d\u00e8s aujourd\u2019hui des formations pour cr\u00e9er un futur plus d\u00e9sirable ?\u00a0Et si on pr\u00e9voyait une journ\u00e9e d&rsquo;\u00e9change et de r\u00e9flexion collective, o\u00f9 chacun puisse partager son expertise et ses r\u00e9flexions sur l&rsquo;avenir de notre m\u00e9tier dans les biblioth\u00e8ques du futur ?<\/p>\n\n\n\n<p>     <strong>Et si \u00e7a se passait le 20 juin sur le campus Pierre et Marie Curie (m\u00e9tro Jussieu) \u00e0 la biblioth\u00e8que BCPR de 9h \u00e0 17h ?<\/strong><\/p>\n\n\n\n<p>Nous avons h\u00e2te de vous retrouver nombreux pour la journ\u00e9e annuelle du r\u00e9seau FormaBib IDF !<\/p>\n\n\n\n<p><strong>Descriptif, programme, infos pratiques et inscriptions ici :<\/strong> <a href=\"https:\/\/view.genially.com\/664489d5bee4700015c4d63e\">https:\/\/view.genially.com\/664489d5bee4700015c4d63e<\/a><\/p>\n","protected":false},"excerpt":{"rendered":"<p>programme, infos pratiques et inscriptions pour la prochaine journ\u00e9e Formabib<\/p>\n","protected":false},"author":2,"featured_media":1396,"comment_status":"open","ping_status":"open","sticky":false,"template":"","format":"standard","meta":{"colormag_page_layout":"default_layout","_price":"","_stock":"","_tribe_ticket_header":"","_tribe_default_ticket_provider":"","_tribe_ticket_capacity":"0","_ticket_start_date":"","_ticket_end_date":"","_tribe_ticket_show_description":"","_tribe_ticket_show_not_going":false,"_tribe_ticket_use_global_stock":"","_tribe_ticket_global_stock_level":"","_global_stock_mode":"","_global_stock_cap":"","_tribe_rsvp_for_event":"","_tribe_ticket_going_count":"","_tribe_ticket_not_going_count":"","_tribe_tickets_list":"[]","_tribe_ticket_has_attendee_info_fields":false,"footnotes":""},"categories":[15],"tags":[],"class_list":["post-1393","post","type-post","status-publish","format-standard","has-post-thumbnail","hentry","category-evenements"],"magazineBlocksPostFeaturedMedia":{"thumbnail":"http:\/\/philtyprod.com\/testUP\/wp-content\/uploads\/2024\/05\/Affiche_A3-pdf-106x150.jpg","medium":"http:\/\/philtyprod.com\/testUP\/wp-content\/uploads\/2024\/05\/Affiche_A3-pdf-212x300.jpg","medium_large":"http:\/\/philtyprod.com\/testUP\/wp-content\/uploads\/2024\/05\/Affiche_A3-pdf.jpg","large":"http:\/\/philtyprod.com\/testUP\/wp-content\/uploads\/2024\/05\/Affiche_A3-pdf-724x1024.jpg","1536x1536":"http:\/\/philtyprod.com\/testUP\/wp-content\/uploads\/2024\/05\/Affiche_A3-pdf.jpg","2048x2048":"http:\/\/philtyprod.com\/testUP\/wp-content\/uploads\/2024\/05\/Affiche_A3-pdf.jpg","colormag-highlighted-post":"http:\/\/philtyprod.com\/testUP\/wp-content\/uploads\/2024\/05\/Affiche_A3-pdf.jpg","colormag-featured-post-medium":"http:\/\/philtyprod.com\/testUP\/wp-content\/uploads\/2024\/05\/Affiche_A3-pdf.jpg","colormag-featured-post-small":"http:\/\/philtyprod.com\/testUP\/wp-content\/uploads\/2024\/05\/Affiche_A3-pdf.jpg","colormag-featured-image":"http:\/\/philtyprod.com\/testUP\/wp-content\/uploads\/2024\/05\/Affiche_A3-pdf.jpg","colormag-default-news":"http:\/\/philtyprod.com\/testUP\/wp-content\/uploads\/2024\/05\/Affiche_A3-pdf.jpg","colormag-featured-image-large":"http:\/\/philtyprod.com\/testUP\/wp-content\/uploads\/2024\/05\/Affiche_A3-pdf.jpg","colormag-elementor-block-extra-large-thumbnail":"http:\/\/philtyprod.com\/testUP\/wp-content\/uploads\/2024\/05\/Affiche_A3-pdf.jpg","colormag-elementor-grid-large-thumbnail":"http:\/\/philtyprod.com\/testUP\/wp-content\/uploads\/2024\/05\/Affiche_A3-pdf.jpg","colormag-elementor-grid-small-thumbnail":"http:\/\/philtyprod.com\/testUP\/wp-content\/uploads\/2024\/05\/Affiche_A3-pdf.jpg","colormag-elementor-grid-medium-large-thumbnail":"http:\/\/philtyprod.com\/testUP\/wp-content\/uploads\/2024\/05\/Affiche_A3-pdf.jpg"},"magazineBlocksPostAuthor":{"name":"Anne Guichard-Cazenave","avatar":"https:\/\/secure.gravatar.com\/avatar\/3a95d2d390a640735208c663b3984dc9a12282c238e74355e710795b59243ed9?s=96&d=robohash&r=g"},"magazineBlocksPostCommentsNumber":"0","magazineBlocksPostExcerpt":"programme, infos pratiques et inscriptions pour la prochaine journ\u00e9e Formabib","magazineBlocksPostCategories":["Ev\u00e8nements"],"magazineBlocksPostViewCount":356,"magazineBlocksPostReadTime":2,"magazine_blocks_featured_image_url":{"full":["http:\/\/philtyprod.com\/testUP\/wp-content\/uploads\/2024\/05\/Affiche_A3-pdf.jpg",1559,2205,true],"medium":["http:\/\/philtyprod.com\/testUP\/wp-content\/uploads\/2024\/05\/Affiche_A3-pdf-212x300.jpg",212,300,true],"thumbnail":["http:\/\/philtyprod.com\/testUP\/wp-content\/uploads\/2024\/05\/Affiche_A3-pdf-106x150.jpg",106,150,true]},"magazine_blocks_author":{"display_name":"Anne Guichard-Cazenave","author_link":"http:\/\/philtyprod.com\/testUP\/author\/duchesse-anne\/"},"magazine_blocks_comment":0,"magazine_blocks_author_image":"https:\/\/secure.gravatar.com\/avatar\/3a95d2d390a640735208c663b3984dc9a12282c238e74355e710795b59243ed9?s=96&d=robohash&r=g","magazine_blocks_category":"<a href=\"http:\/\/philtyprod.com\/testUP\/category\/evenements\/\" rel=\"category tag\">Ev\u00e8nements<\/a>","_links":{"self":[{"href":"http:\/\/philtyprod.com\/testUP\/wp-json\/wp\/v2\/posts\/1393","targetHints":{"allow":["GET"]}}],"collection":[{"href":"http:\/\/philtyprod.com\/testUP\/wp-json\/wp\/v2\/posts"}],"about":[{"href":"http:\/\/philtyprod.com\/testUP\/wp-json\/wp\/v2\/types\/post"}],"author":[{"embeddable":true,"href":"http:\/\/philtyprod.com\/testUP\/wp-json\/wp\/v2\/users\/2"}],"replies":[{"embeddable":true,"href":"http:\/\/philtyprod.com\/testUP\/wp-json\/wp\/v2\/comments?post=1393"}],"version-history":[{"count":2,"href":"http:\/\/philtyprod.com\/testUP\/wp-json\/wp\/v2\/posts\/1393\/revisions"}],"predecessor-version":[{"id":1397,"href":"http:\/\/philtyprod.com\/testUP\/wp-json\/wp\/v2\/posts\/1393\/revisions\/1397"}],"wp:featuredmedia":[{"embeddable":true,"href":"http:\/\/philtyprod.com\/testUP\/wp-json\/wp\/v2\/media\/1396"}],"wp:attachment":[{"href":"http:\/\/philtyprod.com\/testUP\/wp-json\/wp\/v2\/media?parent=1393"}],"wp:term":[{"taxonomy":"category","embeddable":true,"href":"http:\/\/philtyprod.com\/testUP\/wp-json\/wp\/v2\/categories?post=1393"},{"taxonomy":"post_tag","embeddable":true,"href":"http:\/\/philtyprod.com\/testUP\/wp-json\/wp\/v2\/tags?post=1393"}],"curies":[{"name":"wp","href":"https:\/\/api.w.org\/{rel}","templated":true}]}}