{"id":1171,"date":"2023-12-01T15:39:13","date_gmt":"2023-12-01T14:39:13","guid":{"rendered":"http:\/\/philtyprod.com\/testUP\/?p=1171"},"modified":"2023-12-01T15:41:05","modified_gmt":"2023-12-01T14:41:05","slug":"la-veille-delodie-novembre-2023","status":"publish","type":"post","link":"http:\/\/philtyprod.com\/testUP\/la-veille-delodie-novembre-2023\/","title":{"rendered":"La veille d&rsquo;Elodie &#8211; Novembre 2023"},"content":{"rendered":"\n<h2 class=\"wp-block-heading\">Outils pour le formateur&nbsp;<\/h2>\n\n\n\n<p><strong>Guides de conception pour des supports accessibles\u00a0<\/strong><\/p>\n\n\n\n<p>Le Lab\u2019 de l\u2019Universit\u00e9 d\u2019Angers propose une s\u00e9rie de 3 guides pour concevoir des supports accessibles avec Word, Powerpoint ou LibreOffice. <a href=\"https:\/\/labua.univ-angers.fr\/guides-de-conception-pour-des-supports-accessibles\/\" target=\"_blank\" rel=\"noreferrer noopener\">En savoir plus<\/a>&nbsp;<\/p>\n\n\n\n<p><strong>Logiciels libres pour enseigner et apprendre\u00a0<\/strong><\/p>\n\n\n\n<p>Le Service de soutien \u00e0 la formation de l&rsquo;Universit\u00e9 de Sherbrooke propose une liste de 15 outils libres pour l\u2019enseignement et l\u2019apprentissage r\u00e9partis en 6 cat\u00e9gories (la cat\u00e9gorie correspond \u00e0 la couleur des 3 points dans l\u2019infographie). <a href=\"https:\/\/perspectivesssf.espaceweb.usherbrooke.ca\/2023\/11\/27\/logiciels-libres-pour-enseigner-et-apprendre\/\" target=\"_blank\" rel=\"noreferrer noopener\">En savoir plus<\/a>\u00a0<\/p>\n\n\n\n<h2 class=\"wp-block-heading\">Intelligence Artificielle&nbsp;<\/h2>\n\n\n\n<p><strong>Guide des bonnes pratiques pour les \u00e9l\u00e8ves\u00a0\u00a0<\/strong><\/p>\n\n\n\n<p>Le portail de formation du Carrefour d&rsquo;innovation et de p\u00e9dagogie universitaire de l&rsquo;UQAM a traduit et adapt\u00e9 un guide de l&rsquo;utilisation responsable de l&rsquo;IA pour les \u00e9tudiants, cr\u00e9\u00e9 par Denise Hough,\u00a0professeure de biologie \u00e0 l\u2019Universit\u00e9 de Glasgow. La version fran\u00e7aise est disponible <a href=\"https:\/\/collimateur.uqam.ca\/collimateur\/enseigner-lutilisation-responsable-de-lia\/\" target=\"_blank\" rel=\"noreferrer noopener\">ici<\/a> et la version originale <a href=\"https:\/\/altc.alt.ac.uk\/blog\/2023\/10\/student-guidance-for-the-responsible-use-of-ai\/#gref\" target=\"_blank\" rel=\"noreferrer noopener\">l\u00e0<\/a>.\u00a0<\/p>\n\n\n\n<p><strong>10 outils de l\u2019IA sans inscription\u00a0<\/strong><\/p>\n\n\n\n<p>L\u2019Atelier du formateur propose une s\u00e9lection de 10 services d\u2019IA \u00e0 tester sans passer par une inscription. <a href=\"https:\/\/latelierduformateur.fr\/les-outils-de-lia-en-formation-3-3\/\" target=\"_blank\" rel=\"noreferrer noopener\">En savoir plus<\/a>&nbsp;&nbsp;<\/p>\n\n\n\n<p><strong>R\u00e9sultats d\u2019enqu\u00eate : enseignants et \u00e9tudiants confrontent leurs regards sur l\u2019IA\u00a0<\/strong><\/p>\n\n\n\n<p>L\u2019Institut de sondage Le Sphinx et l\u2019entreprise Compilatio publient les r\u00e9sultats de leur enqu\u00eate sur l&rsquo;IA dans l&rsquo;enseignement r\u00e9alis\u00e9e dans les universit\u00e9s de France du 21 juin au 15 ao\u00fbt 2023 aupr\u00e8s de 1242 enseignants et 4443 \u00e9tudiants. <a href=\"https:\/\/www.compilatio.net\/blog\/communique-presse-enquete-ia-2023\" target=\"_blank\" rel=\"noreferrer noopener\">Voir les r\u00e9sultats<\/a>&nbsp;&nbsp;<\/p>\n\n\n\n<h2 class=\"wp-block-heading\">Lecture&nbsp;<\/h2>\n\n\n\n<p><strong>Apprendre \u00e0 apprendre\u00a0<\/strong><\/p>\n\n\n\n<p>Alincourt, Florence, et al. <em>Apprendre \u00e0 apprendre. Un peu de psychologie cognitive pour les pros qui veulent optimiser leur potentiel<\/em>. Dunod, 2023\u00a0\u00a0<\/p>\n\n\n\n<p>Un livre pour d\u00e9couvrir six facettes essentielles de l\u2019apprentissage (la motivation, l\u2019organisation, l\u2019attention, les strat\u00e9gies d\u2019apprentissage individuelles et collectives ainsi que la m\u00e9tacognition). Disponible <a href=\"https:\/\/www.cairn.info\/apprendre-a-apprendre--9782100843541.htm?WT.rss_f=ouvrages-sciences-de-l-education&amp;WT.tsrc=RSS&amp;contenu=presentation\" target=\"_blank\" rel=\"noreferrer noopener\">en ligne sur Cairn<\/a>&nbsp;<\/p>\n","protected":false},"excerpt":{"rendered":"<p>Chaque mois, Elodie partage sa veille pro avec vous.<\/p>\n","protected":false},"author":3,"featured_media":1175,"comment_status":"open","ping_status":"open","sticky":false,"template":"","format":"standard","meta":{"colormag_page_layout":"default_layout","_price":"","_stock":"","_tribe_ticket_header":"","_tribe_default_ticket_provider":"","_tribe_ticket_capacity":"0","_ticket_start_date":"","_ticket_end_date":"","_tribe_ticket_show_description":"","_tribe_ticket_show_not_going":false,"_tribe_ticket_use_global_stock":"","_tribe_ticket_global_stock_level":"","_global_stock_mode":"","_global_stock_cap":"","_tribe_rsvp_for_event":"","_tribe_ticket_going_count":"","_tribe_ticket_not_going_count":"","_tribe_tickets_list":"[]","_tribe_ticket_has_attendee_info_fields":false,"footnotes":""},"categories":[18],"tags":[200,192,201,202,203],"class_list":["post-1171","post","type-post","status-publish","format-standard","has-post-thumbnail","hentry","category-veille-professionnelle","tag-accessibilite","tag-intelligence-artificielle","tag-logiciels-libres","tag-metacognition","tag-soft-skills"],"magazineBlocksPostFeaturedMedia":{"thumbnail":"http:\/\/philtyprod.com\/testUP\/wp-content\/uploads\/2023\/12\/novembre-150x150.jpg","medium":"http:\/\/philtyprod.com\/testUP\/wp-content\/uploads\/2023\/12\/novembre-222x300.jpg","medium_large":"http:\/\/philtyprod.com\/testUP\/wp-content\/uploads\/2023\/12\/novembre.jpg","large":"http:\/\/philtyprod.com\/testUP\/wp-content\/uploads\/2023\/12\/novembre.jpg","1536x1536":"http:\/\/philtyprod.com\/testUP\/wp-content\/uploads\/2023\/12\/novembre.jpg","2048x2048":"http:\/\/philtyprod.com\/testUP\/wp-content\/uploads\/2023\/12\/novembre.jpg","colormag-highlighted-post":"http:\/\/philtyprod.com\/testUP\/wp-content\/uploads\/2023\/12\/novembre-392x272.jpg","colormag-featured-post-medium":"http:\/\/philtyprod.com\/testUP\/wp-content\/uploads\/2023\/12\/novembre-390x205.jpg","colormag-featured-post-small":"http:\/\/philtyprod.com\/testUP\/wp-content\/uploads\/2023\/12\/novembre-130x90.jpg","colormag-featured-image":"http:\/\/philtyprod.com\/testUP\/wp-content\/uploads\/2023\/12\/novembre-741x445.jpg","colormag-default-news":"http:\/\/philtyprod.com\/testUP\/wp-content\/uploads\/2023\/12\/novembre-150x150.jpg","colormag-featured-image-large":"http:\/\/philtyprod.com\/testUP\/wp-content\/uploads\/2023\/12\/novembre-741x600.jpg","colormag-elementor-block-extra-large-thumbnail":"http:\/\/philtyprod.com\/testUP\/wp-content\/uploads\/2023\/12\/novembre-741x480.jpg","colormag-elementor-grid-large-thumbnail":"http:\/\/philtyprod.com\/testUP\/wp-content\/uploads\/2023\/12\/novembre-600x417.jpg","colormag-elementor-grid-small-thumbnail":"http:\/\/philtyprod.com\/testUP\/wp-content\/uploads\/2023\/12\/novembre-285x450.jpg","colormag-elementor-grid-medium-large-thumbnail":"http:\/\/philtyprod.com\/testUP\/wp-content\/uploads\/2023\/12\/novembre-575x198.jpg"},"magazineBlocksPostAuthor":{"name":"Elodie Willemin","avatar":"https:\/\/secure.gravatar.com\/avatar\/904d04c5bc3f44e6a1ebbf76d9d9ec40f3d7ef0e6cfef961fbafd66615f0a57b?s=96&d=robohash&r=g"},"magazineBlocksPostCommentsNumber":"0","magazineBlocksPostExcerpt":"Chaque mois, Elodie partage sa veille pro avec vous.","magazineBlocksPostCategories":["Veille professionnelle"],"magazineBlocksPostViewCount":323,"magazineBlocksPostReadTime":2,"magazine_blocks_featured_image_url":{"full":["http:\/\/philtyprod.com\/testUP\/wp-content\/uploads\/2023\/12\/novembre.jpg",741,1000,false],"medium":["http:\/\/philtyprod.com\/testUP\/wp-content\/uploads\/2023\/12\/novembre-222x300.jpg",222,300,true],"thumbnail":["http:\/\/philtyprod.com\/testUP\/wp-content\/uploads\/2023\/12\/novembre-150x150.jpg",150,150,true]},"magazine_blocks_author":{"display_name":"Elodie Willemin","author_link":"http:\/\/philtyprod.com\/testUP\/author\/elodie-willemin\/"},"magazine_blocks_comment":1,"magazine_blocks_author_image":"https:\/\/secure.gravatar.com\/avatar\/904d04c5bc3f44e6a1ebbf76d9d9ec40f3d7ef0e6cfef961fbafd66615f0a57b?s=96&d=robohash&r=g","magazine_blocks_category":"<a href=\"http:\/\/philtyprod.com\/testUP\/category\/veille-professionnelle\/\" rel=\"category tag\">Veille professionnelle<\/a>","_links":{"self":[{"href":"http:\/\/philtyprod.com\/testUP\/wp-json\/wp\/v2\/posts\/1171","targetHints":{"allow":["GET"]}}],"collection":[{"href":"http:\/\/philtyprod.com\/testUP\/wp-json\/wp\/v2\/posts"}],"about":[{"href":"http:\/\/philtyprod.com\/testUP\/wp-json\/wp\/v2\/types\/post"}],"author":[{"embeddable":true,"href":"http:\/\/philtyprod.com\/testUP\/wp-json\/wp\/v2\/users\/3"}],"replies":[{"embeddable":true,"href":"http:\/\/philtyprod.com\/testUP\/wp-json\/wp\/v2\/comments?post=1171"}],"version-history":[{"count":6,"href":"http:\/\/philtyprod.com\/testUP\/wp-json\/wp\/v2\/posts\/1171\/revisions"}],"predecessor-version":[{"id":1178,"href":"http:\/\/philtyprod.com\/testUP\/wp-json\/wp\/v2\/posts\/1171\/revisions\/1178"}],"wp:featuredmedia":[{"embeddable":true,"href":"http:\/\/philtyprod.com\/testUP\/wp-json\/wp\/v2\/media\/1175"}],"wp:attachment":[{"href":"http:\/\/philtyprod.com\/testUP\/wp-json\/wp\/v2\/media?parent=1171"}],"wp:term":[{"taxonomy":"category","embeddable":true,"href":"http:\/\/philtyprod.com\/testUP\/wp-json\/wp\/v2\/categories?post=1171"},{"taxonomy":"post_tag","embeddable":true,"href":"http:\/\/philtyprod.com\/testUP\/wp-json\/wp\/v2\/tags?post=1171"}],"curies":[{"name":"wp","href":"https:\/\/api.w.org\/{rel}","templated":true}]}}