{"id":1155,"date":"2023-11-10T10:57:10","date_gmt":"2023-11-10T09:57:10","guid":{"rendered":"http:\/\/philtyprod.com\/testUP\/?p=1155"},"modified":"2023-11-10T10:57:11","modified_gmt":"2023-11-10T09:57:11","slug":"la-veille-delodie-octobre-2023","status":"publish","type":"post","link":"http:\/\/philtyprod.com\/testUP\/la-veille-delodie-octobre-2023\/","title":{"rendered":"La veille d\u2019Elodie \u2013 Octobre 2023"},"content":{"rendered":"\n<h2 class=\"wp-block-heading\">Outils pour le formateur<\/h2>\n\n\n\n<p><strong>TTSMaker\u00a0<\/strong><\/p>\n\n\n\n<p>TTSmaker\u00a0est un outil gratuit de synth\u00e8se vocale en ligne.\u00a0Mooneen\u00a0Raferty, enseignante en anglais au Cnam des Pays de la Loire d\u00e9crit explique comment elle utilise cet outil avec ses \u00e9tudiants dans\u00a0<a href=\"https:\/\/living-lab.cnam.fr\/donner-de-la-voix-a-un-texte\/\" target=\"_blank\" rel=\"noreferrer noopener\">cet article<\/a>.\u00a0<\/p>\n\n\n\n<h2 class=\"wp-block-heading\">EMI et Intelligence Artificielle<\/h2>\n\n\n\n<p><strong>D\u00e9celer les images g\u00e9n\u00e9r\u00e9es par IA<\/strong><\/p>\n\n\n\n<p>Le site \u00ab\u00a0L&rsquo;atelier du formateur\u00a0\u00bb propose des <a href=\"https:\/\/latelierduformateur.fr\/3-quiz-et-1-outil-pour-deceler-limage-generee-par-ia\/\" data-type=\"link\" data-id=\"https:\/\/latelierduformateur.fr\/3-quiz-et-1-outil-pour-deceler-limage-generee-par-ia\/\">liens<\/a> vers des quiz et un outil pour d\u00e9celer des images g\u00e9n\u00e9r\u00e9es par IA\u00a0<\/p>\n\n\n\n<ul class=\"wp-block-list\">\n<li>Le quiz 1 est introuvable mais les quiz 2 et 3 fonctionnent. Avantage : permet de montrer qu&rsquo;il n&rsquo;est pas si facile de d\u00e9tecter des images g\u00e9n\u00e9r\u00e9es par IA. Inconv\u00e9nient : ne donne pas d&rsquo;explication sur les indices qui pourraient permettre de soup\u00e7onner une image cr\u00e9\u00e9e par IA. Bilan : le quiz 2 peut fournir un stock de vraies\/fausses images \u00e0 utiliser en formation.\u00a0<\/li>\n<\/ul>\n\n\n\n<ul class=\"wp-block-list\">\n<li>L&rsquo;outil de d\u00e9tection d&rsquo;images g\u00e9n\u00e9r\u00e9es par IA : n\u00e9cessite de se cr\u00e9er un compte. Non test\u00e9.\u00a0<\/li>\n<\/ul>\n\n\n\n<p><strong>Journ\u00e9e d&rsquo;\u00e9tude EMI \u00ab Les biblioth\u00e8ques sont-elles pr\u00eates pour l&rsquo;intelligence artificielle ?<\/strong> \u00bb<\/p>\n\n\n\n<p>La journ\u00e9e d\u2019\u00e9tude sur l\u2019\u00e9ducation aux m\u00e9dias et \u00e0 l\u2019information (EMI) \u00ab Les biblioth\u00e8ques sont-elles pr\u00eates pour l\u2019intelligence artificielle ? \u00bb s\u2019est d\u00e9roul\u00e9e au Centre Pompidou mardi 7 novembre 2023 en partenariat avec le Service du Livre et de la Lecture (minist\u00e8re de la Culture). Elle est disponible en rediffusion sur le\u00a0<a href=\"https:\/\/pro.bpi.fr\/les-bibliotheques-sont-elles-pretes-pour-lintelligence-artificielle\/\" target=\"_blank\" rel=\"noreferrer noopener\">site professionnel de la BPI<\/a>\u00a0<\/p>\n\n\n\n<h2 class=\"wp-block-heading\">Publications<\/h2>\n\n\n\n<p><strong>Collection \u00ab Mythes et r\u00e9alit\u00e9s \u00bb<\/strong><\/p>\n\n\n\n<p>L&rsquo;ensemble de\u00a0<a href=\"https:\/\/www.cairn.info\/collection-mythes-et-realites.htm\" target=\"_blank\" rel=\"noreferrer noopener\">la collection\u00a0\u00a0\u00ab Mythes &amp; r\u00e9alit\u00e9s \u00bb<\/a>\u00a0des \u00e9ditions Retz, dirig\u00e9e par Andr\u00e9 Tricot, professeur de psychologie cognitive et chercheur renomm\u00e9 dans l&rsquo;ing\u00e9nierie p\u00e9dagogique, est disponible sur Cairn.\u00a0\u00a0<br>Un exemple de mythe courant en science de l&rsquo;\u00e9ducation ? Les styles d&rsquo;apprentissage (\u00ab\u00a0visuel\u00a0\u00bb, \u00ab\u00a0auditif\u00a0\u00bb, etc.). Envie d&rsquo;en savoir plus ? Lisez le chapitre 3 de\u00a0<em>Les neurosciences en \u00e9ducation<\/em>.\u00a0<\/p>\n","protected":false},"excerpt":{"rendered":"<p>Chaque mois, Elodie partage sa veille pro avec vous<\/p>\n","protected":false},"author":3,"featured_media":1161,"comment_status":"open","ping_status":"open","sticky":false,"template":"","format":"standard","meta":{"colormag_page_layout":"default_layout","_price":"","_stock":"","_tribe_ticket_header":"","_tribe_default_ticket_provider":"","_tribe_ticket_capacity":"0","_ticket_start_date":"","_ticket_end_date":"","_tribe_ticket_show_description":"","_tribe_ticket_show_not_going":false,"_tribe_ticket_use_global_stock":"","_tribe_ticket_global_stock_level":"","_global_stock_mode":"","_global_stock_cap":"","_tribe_rsvp_for_event":"","_tribe_ticket_going_count":"","_tribe_ticket_not_going_count":"","_tribe_tickets_list":"[]","_tribe_ticket_has_attendee_info_fields":false,"footnotes":""},"categories":[18],"tags":[86,133,199,198,197],"class_list":["post-1155","post","type-post","status-publish","format-standard","has-post-thumbnail","hentry","category-veille-professionnelle","tag-emi","tag-ia","tag-images-generees-par-ia","tag-mythes-educatifs","tag-synthese-vocale"],"magazineBlocksPostFeaturedMedia":{"thumbnail":"http:\/\/philtyprod.com\/testUP\/wp-content\/uploads\/2023\/11\/octobre-150x150.jpg","medium":"http:\/\/philtyprod.com\/testUP\/wp-content\/uploads\/2023\/11\/octobre-245x300.jpg","medium_large":"http:\/\/philtyprod.com\/testUP\/wp-content\/uploads\/2023\/11\/octobre-768x942.jpg","large":"http:\/\/philtyprod.com\/testUP\/wp-content\/uploads\/2023\/11\/octobre-835x1024.jpg","1536x1536":"http:\/\/philtyprod.com\/testUP\/wp-content\/uploads\/2023\/11\/octobre.jpg","2048x2048":"http:\/\/philtyprod.com\/testUP\/wp-content\/uploads\/2023\/11\/octobre.jpg","colormag-highlighted-post":"http:\/\/philtyprod.com\/testUP\/wp-content\/uploads\/2023\/11\/octobre-392x272.jpg","colormag-featured-post-medium":"http:\/\/philtyprod.com\/testUP\/wp-content\/uploads\/2023\/11\/octobre-390x205.jpg","colormag-featured-post-small":"http:\/\/philtyprod.com\/testUP\/wp-content\/uploads\/2023\/11\/octobre-130x90.jpg","colormag-featured-image":"http:\/\/philtyprod.com\/testUP\/wp-content\/uploads\/2023\/11\/octobre-800x445.jpg","colormag-default-news":"http:\/\/philtyprod.com\/testUP\/wp-content\/uploads\/2023\/11\/octobre-150x150.jpg","colormag-featured-image-large":"http:\/\/philtyprod.com\/testUP\/wp-content\/uploads\/2023\/11\/octobre-1000x600.jpg","colormag-elementor-block-extra-large-thumbnail":"http:\/\/philtyprod.com\/testUP\/wp-content\/uploads\/2023\/11\/octobre-1000x480.jpg","colormag-elementor-grid-large-thumbnail":"http:\/\/philtyprod.com\/testUP\/wp-content\/uploads\/2023\/11\/octobre-600x417.jpg","colormag-elementor-grid-small-thumbnail":"http:\/\/philtyprod.com\/testUP\/wp-content\/uploads\/2023\/11\/octobre-285x450.jpg","colormag-elementor-grid-medium-large-thumbnail":"http:\/\/philtyprod.com\/testUP\/wp-content\/uploads\/2023\/11\/octobre-575x198.jpg"},"magazineBlocksPostAuthor":{"name":"Elodie Willemin","avatar":"https:\/\/secure.gravatar.com\/avatar\/904d04c5bc3f44e6a1ebbf76d9d9ec40f3d7ef0e6cfef961fbafd66615f0a57b?s=96&d=robohash&r=g"},"magazineBlocksPostCommentsNumber":"0","magazineBlocksPostExcerpt":"Chaque mois, Elodie partage sa veille pro avec vous","magazineBlocksPostCategories":["Veille professionnelle"],"magazineBlocksPostViewCount":344,"magazineBlocksPostReadTime":2,"magazine_blocks_featured_image_url":{"full":["http:\/\/philtyprod.com\/testUP\/wp-content\/uploads\/2023\/11\/octobre.jpg",1000,1226,false],"medium":["http:\/\/philtyprod.com\/testUP\/wp-content\/uploads\/2023\/11\/octobre-245x300.jpg",245,300,true],"thumbnail":["http:\/\/philtyprod.com\/testUP\/wp-content\/uploads\/2023\/11\/octobre-150x150.jpg",150,150,true]},"magazine_blocks_author":{"display_name":"Elodie Willemin","author_link":"http:\/\/philtyprod.com\/testUP\/author\/elodie-willemin\/"},"magazine_blocks_comment":0,"magazine_blocks_author_image":"https:\/\/secure.gravatar.com\/avatar\/904d04c5bc3f44e6a1ebbf76d9d9ec40f3d7ef0e6cfef961fbafd66615f0a57b?s=96&d=robohash&r=g","magazine_blocks_category":"<a href=\"http:\/\/philtyprod.com\/testUP\/category\/veille-professionnelle\/\" rel=\"category tag\">Veille professionnelle<\/a>","_links":{"self":[{"href":"http:\/\/philtyprod.com\/testUP\/wp-json\/wp\/v2\/posts\/1155","targetHints":{"allow":["GET"]}}],"collection":[{"href":"http:\/\/philtyprod.com\/testUP\/wp-json\/wp\/v2\/posts"}],"about":[{"href":"http:\/\/philtyprod.com\/testUP\/wp-json\/wp\/v2\/types\/post"}],"author":[{"embeddable":true,"href":"http:\/\/philtyprod.com\/testUP\/wp-json\/wp\/v2\/users\/3"}],"replies":[{"embeddable":true,"href":"http:\/\/philtyprod.com\/testUP\/wp-json\/wp\/v2\/comments?post=1155"}],"version-history":[{"count":11,"href":"http:\/\/philtyprod.com\/testUP\/wp-json\/wp\/v2\/posts\/1155\/revisions"}],"predecessor-version":[{"id":1167,"href":"http:\/\/philtyprod.com\/testUP\/wp-json\/wp\/v2\/posts\/1155\/revisions\/1167"}],"wp:featuredmedia":[{"embeddable":true,"href":"http:\/\/philtyprod.com\/testUP\/wp-json\/wp\/v2\/media\/1161"}],"wp:attachment":[{"href":"http:\/\/philtyprod.com\/testUP\/wp-json\/wp\/v2\/media?parent=1155"}],"wp:term":[{"taxonomy":"category","embeddable":true,"href":"http:\/\/philtyprod.com\/testUP\/wp-json\/wp\/v2\/categories?post=1155"},{"taxonomy":"post_tag","embeddable":true,"href":"http:\/\/philtyprod.com\/testUP\/wp-json\/wp\/v2\/tags?post=1155"}],"curies":[{"name":"wp","href":"https:\/\/api.w.org\/{rel}","templated":true}]}}