{"id":1077,"date":"2023-10-05T22:33:12","date_gmt":"2023-10-05T20:33:12","guid":{"rendered":"http:\/\/philtyprod.com\/testUP\/?p=1077"},"modified":"2023-10-16T23:23:35","modified_gmt":"2023-10-16T21:23:35","slug":"la-veille-delodie-juillet-2023","status":"publish","type":"post","link":"http:\/\/philtyprod.com\/testUP\/la-veille-delodie-juillet-2023\/","title":{"rendered":"La veille d&rsquo;Elodie &#8211; juillet 2023"},"content":{"rendered":"\n<h1 class=\"wp-block-heading\"><strong>Outils pour le formateur<\/strong><\/h1>\n\n\n\n<div class=\"wp-block-group is-layout-constrained wp-block-group-is-layout-constrained\">\n<h3 class=\"wp-block-heading\">Vers un m\u00eame outil de visioconf\u00e9rence pour les \u00e9tablissements publics du sup\u00e9rieur ?<\/h3>\n\n\n\n<p>\u00ab Depuis fin mars, le minist\u00e8re de l\u2019enseignement sup\u00e9rieur met \u00e0 disposition gratuitement des \u00e9tablissements quatre plateformes num\u00e9riques open source et souveraines. Y figure notamment une solution de classe virtuelle, alternative \u00e0 Zoom ou Teams. Quels sont ces outils ? Les \u00e9coles et universit\u00e9s vont-elles s\u2019en saisir ? \u00bb (source : Campusmatin)&nbsp;<a href=\"https:\/\/www.campusmatin.com\/numerique\/equipements-systemes-informations\/vers-un-meme-outil-de-visioconference-pour-les-etablissements-du-superieur-publics.html\" target=\"_blank\" rel=\"noreferrer noopener\">Lire la suite&#8230;<\/a><\/p>\n\n\n\n<p>Une lecture \u00e0 compl\u00e9ter avec cette&nbsp;<a rel=\"noreferrer noopener\" href=\"https:\/\/www.lemonde.fr\/blog\/binaire\/2023\/06\/09\/le-logiciel-libre-lopen-source-et-letat-echange-avec-stefano-zacchiroli\/\" target=\"_blank\">interview<\/a>&nbsp;de Stefano Zacchiroli, professeur en informatique \u00e0 l&rsquo;\u00e9cole T\u00e9l\u00e9com Paris de l&rsquo;Institut Polytechnique de Paris sur \u00ab Le logiciel libre, l&rsquo;open source et l&rsquo;\u00c9tat \u00bb<\/p>\n<\/div>\n\n\n\n<p>.<\/p>\n\n\n\n<h2 class=\"wp-block-heading\"><strong>P\u00e9dagogie<\/strong><\/h2>\n\n\n\n<div class=\"wp-block-group is-layout-constrained wp-block-group-is-layout-constrained\">\n<h3 class=\"wp-block-heading\">100 activit\u00e9s g\u00e9n\u00e9riques de p\u00e9dagogie active<\/h3>\n\n\n\n<p>100 fiches r\u00e9alis\u00e9es par le service p\u00e9dagogique Innovation en moyens p\u00e9dagogiques d&rsquo;apprentissage actif (IMPAct) de l&rsquo;\u00e9cole Polytechnique Montr\u00e9al.&nbsp;<a rel=\"noreferrer noopener\" href=\"https:\/\/www.polymtl.ca\/vignettes\/search\/site\" target=\"_blank\">Voir<\/a><\/p>\n<\/div>\n\n\n\n<p><\/p>\n\n\n\n<div class=\"wp-block-group is-layout-constrained wp-block-group-is-layout-constrained\">\n<div class=\"wp-block-group is-layout-constrained wp-block-group-is-layout-constrained\">\n<h3 class=\"wp-block-heading\">Usages p\u00e9dagogiques et techniques de Wooclap<\/h3>\n\n\n\n<p>Un guide \u00e9labor\u00e9 par la D\u00e9l\u00e9gation d\u2019Accompagnement \u00e0 la Cr\u00e9ativit\u00e9, l\u2019Ing\u00e9nierie et la P\u00e9dagogie (DACIP) et le Centre de REcherche sur les M\u00e9diations (CREM) de l&rsquo;universit\u00e9 de Lorraine.&nbsp;<a rel=\"noreferrer noopener\" href=\"https:\/\/sup.univ-lorraine.fr\/guide-usages-pedagogiques-et-techniques-de-wooclap\/\" target=\"_blank\">Voir<\/a><\/p>\n<\/div>\n<\/div>\n\n\n\n<p><\/p>\n\n\n\n<div class=\"wp-block-group is-layout-constrained wp-block-group-is-layout-constrained\">\n<h3 class=\"wp-block-heading\">Le manuel ouvert Intelligence Artificielle pour les Enseignants est publi\u00e9<\/h3>\n\n\n\n<p>Un manuel sur ce que les enseignant\u00b7e\u00b7s (et les biblioth\u00e9caires formateurs\u00b7trices) devraient savoir sur l&rsquo;IA. Le chapitre 3 \u00ab Recherche des informations \u00bb est tout indiqu\u00e9 dans notre profession.<br><a href=\"https:\/\/www.innovation-pedagogique.fr\/article15171.html\" target=\"_blank\" rel=\"noreferrer noopener\">Lire la pr\u00e9sentation du manuel &nbsp;<\/a><br><a href=\"https:\/\/www.ai4t.eu\/textbook\" target=\"_blank\" rel=\"noreferrer noopener\">Acc\u00e9der au manuel &nbsp;<\/a><\/p>\n\n\n\n<p>Voir aussi sur ce sujet&nbsp;<a rel=\"noreferrer noopener\" href=\"https:\/\/collimateur.uqam.ca\/collimateur\/ia-tuteur-ia-coach-ia-mentor-ia-equipier-ia-outil-ia-simulateur-et-ia-etudiant\/\" target=\"_blank\">\u00ab 7 approches pour utiliser l\u2019IA g\u00e9n\u00e9rative avec les \u00e9tudiant\u00b7es. \u00bb<\/a>, une \u00e9tude en anglais r\u00e9alis\u00e9e par deux chercheurs de la Wharton School de l&rsquo;universit\u00e9 de Pensylvanie, et r\u00e9sum\u00e9e sur le site de veille p\u00e9dagogique de l&rsquo;universit\u00e9 du Qu\u00e9bec \u00e0 Montr\u00e9al. &nbsp;<\/p>\n<\/div>\n\n\n\n<p><\/p>\n\n\n\n<h1 class=\"wp-block-heading\"><strong>Publications<\/strong><\/h1>\n\n\n\n<p><\/p>\n\n\n\n<div class=\"wp-block-group is-layout-constrained wp-block-group-is-layout-constrained\">\n<h3 class=\"wp-block-heading\">Hugues Draelants et Sonia Revaz, L&rsquo;\u00e9vidence des faits. La politique des preuves en \u00e9ducation<\/h3>\n\n\n\n<p>\u00ab Un nouveau type de politiques monte en puissance : des politiques qui se veulent \u00ab fond\u00e9es sur des preuves \u00bb. De quelles \u00ab preuves \u00bb est-il question\u202f? D\u2019o\u00f9 vient cette mani\u00e8re de conduire l\u2019action publique\u202f? Quels contextes favorisent sa diffusion\u202f? Comment est-elle re\u00e7ue\u202f? L\u2019ouvrage met en perspective cette logique montante de la \u00ab politique des preuves \u00bb dans le champ de l\u2019\u00e9ducation et en dresse un bilan critique. Il lie la difficult\u00e9 de leur mise en \u0153uvre \u00e0 la nature incompl\u00e8te de leurs fondements et soup\u00e7onne leur \u00e9chec d\u2019alimenter une forme de d\u00e9fiance \u00e0 l\u2019\u00e9gard de l\u2019action publique et de l\u2019expertise scientifique qui la sous-tend, constituant un risque d\u00e9mocratique. Des exemples concrets de r\u00e9formes viennent illustrer le propos. Sans remettre en cause l\u2019id\u00e9e d\u2019informer l\u2019action publique par la connaissance, les auteurs plaident pour une approche r\u00e9vis\u00e9e et \u00e9largie des \u00ab preuves \u00bb \u00e0 prendre en consid\u00e9ration pour informer l\u2019action publique, tenant compte aussi des savoirs professionnels. \u00bb &nbsp;(Source : \u00e9diteur) &#8211; Disponible sur&nbsp;<a rel=\"noreferrer noopener\" href=\"https:\/\/www.cairn.info\/l-evidence-des-faits--9782130837336.htm?WT.rss_f=ouvrages-sciences-de-l-education&amp;WT.tsrc=RSS\" target=\"_blank\">Cairn<\/a><\/p>\n\n\n\n<p><\/p>\n<\/div>\n\n\n\n<div class=\"wp-block-group is-layout-constrained wp-block-group-is-layout-constrained\">\n<h2 class=\"wp-block-heading\">Podcast<\/h2>\n\n\n\n<h3 class=\"wp-block-heading\">Notre attention soumise \u00e0 l&rsquo;hyperstimulation num\u00e9rique : philosophie d&rsquo;un mode de vie<\/h3>\n\n\n\n<p>Une \u00e9mission de France Culture avec Yves Citton, professeur de litt\u00e9rature et m\u00e9dias \u00e0 l&rsquo;Universit\u00e9 Paris 8, et Servane Mouton, neurologue, sur notre capacit\u00e9 \u00e0 recevoir un flux ininterrompu d&rsquo;informations (dur\u00e9\u00e9 : 58 minutes).&nbsp;<a rel=\"noreferrer noopener\" href=\"https:\/\/www.radiofrance.fr\/franceculture\/podcasts\/avec-philosophie\/notre-attention-soumise-a-l-hyperstimulation-numerique-philosophie-d-un-mode-de-vie-7841218\" target=\"_blank\">\u00c9couter<\/a><\/p>\n<\/div>\n\n\n\n<p>Elodie Willemin <\/p>\n\n\n\n<p>[article initialement publi\u00e9 sur le forum FormaBib en juillet 2023]<\/p>\n","protected":false},"excerpt":{"rendered":"<p>Chaque mois, Elodie Willemin partage sa veille pro avec vous<\/p>\n","protected":false},"author":3,"featured_media":1078,"comment_status":"open","ping_status":"open","sticky":false,"template":"","format":"standard","meta":{"colormag_page_layout":"default_layout","_price":"","_stock":"","_tribe_ticket_header":"","_tribe_default_ticket_provider":"","_tribe_ticket_capacity":"0","_ticket_start_date":"","_ticket_end_date":"","_tribe_ticket_show_description":"","_tribe_ticket_show_not_going":false,"_tribe_ticket_use_global_stock":"","_tribe_ticket_global_stock_level":"","_global_stock_mode":"","_global_stock_cap":"","_tribe_rsvp_for_event":"","_tribe_ticket_going_count":"","_tribe_ticket_not_going_count":"","_tribe_tickets_list":"[]","_tribe_ticket_has_attendee_info_fields":false,"footnotes":""},"categories":[18],"tags":[171,133,170,119,105,63,80,168,118],"class_list":["post-1077","post","type-post","status-publish","format-standard","has-post-thumbnail","hentry","category-veille-professionnelle","tag-hyperstimulation","tag-ia","tag-numerique","tag-outils","tag-pedagogie","tag-pedagogie-active","tag-veille","tag-visoconference","tag-wooclap"],"magazineBlocksPostFeaturedMedia":{"thumbnail":"http:\/\/philtyprod.com\/testUP\/wp-content\/uploads\/2023\/10\/tableau-femme-lisant--150x150.jpg","medium":"http:\/\/philtyprod.com\/testUP\/wp-content\/uploads\/2023\/10\/tableau-femme-lisant--250x300.jpg","medium_large":"http:\/\/philtyprod.com\/testUP\/wp-content\/uploads\/2023\/10\/tableau-femme-lisant-.jpg","large":"http:\/\/philtyprod.com\/testUP\/wp-content\/uploads\/2023\/10\/tableau-femme-lisant-.jpg","1536x1536":"http:\/\/philtyprod.com\/testUP\/wp-content\/uploads\/2023\/10\/tableau-femme-lisant-.jpg","2048x2048":"http:\/\/philtyprod.com\/testUP\/wp-content\/uploads\/2023\/10\/tableau-femme-lisant-.jpg","colormag-highlighted-post":"http:\/\/philtyprod.com\/testUP\/wp-content\/uploads\/2023\/10\/tableau-femme-lisant--392x272.jpg","colormag-featured-post-medium":"http:\/\/philtyprod.com\/testUP\/wp-content\/uploads\/2023\/10\/tableau-femme-lisant--390x205.jpg","colormag-featured-post-small":"http:\/\/philtyprod.com\/testUP\/wp-content\/uploads\/2023\/10\/tableau-femme-lisant--130x90.jpg","colormag-featured-image":"http:\/\/philtyprod.com\/testUP\/wp-content\/uploads\/2023\/10\/tableau-femme-lisant--416x445.jpg","colormag-default-news":"http:\/\/philtyprod.com\/testUP\/wp-content\/uploads\/2023\/10\/tableau-femme-lisant--150x150.jpg","colormag-featured-image-large":"http:\/\/philtyprod.com\/testUP\/wp-content\/uploads\/2023\/10\/tableau-femme-lisant-.jpg","colormag-elementor-block-extra-large-thumbnail":"http:\/\/philtyprod.com\/testUP\/wp-content\/uploads\/2023\/10\/tableau-femme-lisant--416x480.jpg","colormag-elementor-grid-large-thumbnail":"http:\/\/philtyprod.com\/testUP\/wp-content\/uploads\/2023\/10\/tableau-femme-lisant--416x417.jpg","colormag-elementor-grid-small-thumbnail":"http:\/\/philtyprod.com\/testUP\/wp-content\/uploads\/2023\/10\/tableau-femme-lisant--285x450.jpg","colormag-elementor-grid-medium-large-thumbnail":"http:\/\/philtyprod.com\/testUP\/wp-content\/uploads\/2023\/10\/tableau-femme-lisant--416x198.jpg"},"magazineBlocksPostAuthor":{"name":"Elodie Willemin","avatar":"https:\/\/secure.gravatar.com\/avatar\/904d04c5bc3f44e6a1ebbf76d9d9ec40f3d7ef0e6cfef961fbafd66615f0a57b?s=96&d=robohash&r=g"},"magazineBlocksPostCommentsNumber":"0","magazineBlocksPostExcerpt":"Chaque mois, Elodie Willemin partage sa veille pro avec vous","magazineBlocksPostCategories":["Veille professionnelle"],"magazineBlocksPostViewCount":300,"magazineBlocksPostReadTime":3,"magazine_blocks_featured_image_url":{"full":["http:\/\/philtyprod.com\/testUP\/wp-content\/uploads\/2023\/10\/tableau-femme-lisant-.jpg",416,500,false],"medium":["http:\/\/philtyprod.com\/testUP\/wp-content\/uploads\/2023\/10\/tableau-femme-lisant--250x300.jpg",250,300,true],"thumbnail":["http:\/\/philtyprod.com\/testUP\/wp-content\/uploads\/2023\/10\/tableau-femme-lisant--150x150.jpg",150,150,true]},"magazine_blocks_author":{"display_name":"Elodie Willemin","author_link":"http:\/\/philtyprod.com\/testUP\/author\/elodie-willemin\/"},"magazine_blocks_comment":0,"magazine_blocks_author_image":"https:\/\/secure.gravatar.com\/avatar\/904d04c5bc3f44e6a1ebbf76d9d9ec40f3d7ef0e6cfef961fbafd66615f0a57b?s=96&d=robohash&r=g","magazine_blocks_category":"<a href=\"http:\/\/philtyprod.com\/testUP\/category\/veille-professionnelle\/\" rel=\"category tag\">Veille professionnelle<\/a>","_links":{"self":[{"href":"http:\/\/philtyprod.com\/testUP\/wp-json\/wp\/v2\/posts\/1077","targetHints":{"allow":["GET"]}}],"collection":[{"href":"http:\/\/philtyprod.com\/testUP\/wp-json\/wp\/v2\/posts"}],"about":[{"href":"http:\/\/philtyprod.com\/testUP\/wp-json\/wp\/v2\/types\/post"}],"author":[{"embeddable":true,"href":"http:\/\/philtyprod.com\/testUP\/wp-json\/wp\/v2\/users\/3"}],"replies":[{"embeddable":true,"href":"http:\/\/philtyprod.com\/testUP\/wp-json\/wp\/v2\/comments?post=1077"}],"version-history":[{"count":2,"href":"http:\/\/philtyprod.com\/testUP\/wp-json\/wp\/v2\/posts\/1077\/revisions"}],"predecessor-version":[{"id":1080,"href":"http:\/\/philtyprod.com\/testUP\/wp-json\/wp\/v2\/posts\/1077\/revisions\/1080"}],"wp:featuredmedia":[{"embeddable":true,"href":"http:\/\/philtyprod.com\/testUP\/wp-json\/wp\/v2\/media\/1078"}],"wp:attachment":[{"href":"http:\/\/philtyprod.com\/testUP\/wp-json\/wp\/v2\/media?parent=1077"}],"wp:term":[{"taxonomy":"category","embeddable":true,"href":"http:\/\/philtyprod.com\/testUP\/wp-json\/wp\/v2\/categories?post=1077"},{"taxonomy":"post_tag","embeddable":true,"href":"http:\/\/philtyprod.com\/testUP\/wp-json\/wp\/v2\/tags?post=1077"}],"curies":[{"name":"wp","href":"https:\/\/api.w.org\/{rel}","templated":true}]}}